{"id":19680,"date":"2013-05-02T10:24:55","date_gmt":"2013-05-02T08:24:55","guid":{"rendered":"http:\/\/www.ipod.info.pl\/?p=19680"},"modified":"2014-07-29T17:51:29","modified_gmt":"2014-07-29T15:51:29","slug":"za-piec-lat-nie-bedzie-tabletow","status":"publish","type":"post","link":"https:\/\/www.ipod.info.pl\/index.php\/za-piec-lat-nie-bedzie-tabletow\/","title":{"rendered":"Za pi\u0119\u0107 lat nie b\u0119dzie tablet\u00f3w &#8230;"},"content":{"rendered":"<p style=\"text-align: justify;\">Kilka dni temu przez media przetoczy\u0142a si\u0119 fala krytyki szefa BlackBerry\u00a0Thorstena Heins. Stwierdzi\u0142 on w jednym z wywiad\u00f3w, \u017ce za 5 lat nie b\u0119dzie tablet\u00f3w. Pewnie m\u00f3wi\u0142 to przez pryzmat braku takich produkt\u00f3w w obecnej i przysz\u0142ej ofercie BB. Nie chc\u0119 go broni\u0107 bo b\u0119d\u0105c na bardzo wysokich stanowiskach w BB od 2007 roku nie da\u0142 si\u0119 pozna\u0107 jako wybitny prorok bran\u017cy mobilnej, a samo BlackBerry nie potrafi\u0142o i chyba nie potrafi si\u0119 odnale\u017a\u0107 na smartphonowej scenie.<br \/>\nTym niemniej\u00a0Thorsten Heins mo\u017ce mie\u0107 racj\u0119, za pi\u0119\u0107 lat nikt mo\u017ce nie pami\u0119ta\u0107 o tabletach. Co wi\u0119cej oceniam, \u017ce to wi\u0119cej ni\u017c prawdopodobne. iPad od kt\u00f3rego zacz\u0119\u0142a si\u0119 kariera tablet\u00f3w mia\u0142 swoj\u0105 premier\u0119 ledwo trzy lata temu! Doskonale pami\u0119tam jak <a href=\"http:\/\/www.ipod.info.pl\/index.php\/polska-premiera-ipada-jednak-12-kwietnia\/\">organizuj\u0105c polsk\u0105 premier\u0119 iPada<\/a> zastanawiali\u015bmy si\u0119 do czego jest to urz\u0105dzenie, po co nam wi\u0119kszy iPhone. Dzi\u015b po trzech latach nie wyobra\u017cam sobie \u017cycia bez niego bo tablety to niesamowicie fajne urz\u0105dzenia, kt\u00f3re spowodowa\u0142y, \u017ce komputery sta\u0142y si\u0119 bardziej osobiste. Ale za pi\u0119\u0107 lat serio mo\u017ce nie by\u0107 po nich \u015bladu. Rozw\u00f3j technologii mimo obaw wcale nie zwalnia tylko nadal przy\u015bpiesza. Rozwijane s\u0105 takie mo\u017cliwo\u015bci jak \u015bledzenie wzroku, rozpoznawanie mowy, elastyczne wy\u015bwietlacze, ultra pojemne baterie. Wszystko razem mo\u017ce da\u0107 nam urz\u0105dzenia zdecydowanie wygodniejsze w esksploracji sieci ni\u017c tablety. Urz\u0105dzenia b\u0119d\u0105 jeszcze bardziej osobiste i jeszcze bardziej z nami zintegrowane to jedyny zdecydowany trend w tej bran\u017cy.<br \/>\nMy\u015bl\u0119, \u017ce t\u0105 now\u0105 grup\u0105 urz\u0105dze\u0144 mog\u0105 by\u0107 konstrukcje zbli\u017cone w dzia\u0142aniu do Google Glass. Pewnie b\u0119d\u0105 inaczej wygl\u0105da\u0142y mo\u017cliwe, \u017ce b\u0119d\u0105 zintegrowane z soczewkami kontaktowymi lub klasycznymi okularami. Mo\u017cliwe te\u017c, \u017ce to wcale nie b\u0119d\u0105 okulary tylko ekrany naklejane na d\u0142o\u0144. Jestem jednak przekonany, \u017ce tablety znikn\u0105 szybciej ni\u017c nam si\u0119 wydaje, bo co nam mog\u0105 wi\u0119cej zaoferowa\u0107. Wy\u017csze rozdzielczo\u015bci ekranu, szybsze procesory, lepsze kamery? Nic co mo\u017ce mo\u017ce je utrzyma\u0107 na rynku d\u0142u\u017cej ni\u017c kilka lat.<\/p>\n","protected":false},"excerpt":{"rendered":"<p>Kilka dni temu przez media przetoczy\u0142a si\u0119 fala krytyki szefa BlackBerry\u00a0Thorstena Heins. Stwierdzi\u0142 on w jednym z wywiad\u00f3w, \u017ce za 5 lat nie b\u0119dzie tablet\u00f3w. Pewnie m\u00f3wi\u0142 to przez pryzmat braku takich produkt\u00f3w w obecnej i przysz\u0142ej ofercie BB. Nie chc\u0119 go broni\u0107 bo b\u0119d\u0105c na bardzo wysokich stanowiskach w BB od 2007 roku nie [&hellip;]<\/p>\n","protected":false},"author":2,"featured_media":0,"comment_status":"open","ping_status":"open","sticky":false,"template":"","format":"standard","meta":{"footnotes":""},"categories":[3,55],"tags":[],"aioseo_notices":[],"_links":{"self":[{"href":"https:\/\/www.ipod.info.pl\/index.php\/wp-json\/wp\/v2\/posts\/19680"}],"collection":[{"href":"https:\/\/www.ipod.info.pl\/index.php\/wp-json\/wp\/v2\/posts"}],"about":[{"href":"https:\/\/www.ipod.info.pl\/index.php\/wp-json\/wp\/v2\/types\/post"}],"author":[{"embeddable":true,"href":"https:\/\/www.ipod.info.pl\/index.php\/wp-json\/wp\/v2\/users\/2"}],"replies":[{"embeddable":true,"href":"https:\/\/www.ipod.info.pl\/index.php\/wp-json\/wp\/v2\/comments?post=19680"}],"version-history":[{"count":4,"href":"https:\/\/www.ipod.info.pl\/index.php\/wp-json\/wp\/v2\/posts\/19680\/revisions"}],"predecessor-version":[{"id":22325,"href":"https:\/\/www.ipod.info.pl\/index.php\/wp-json\/wp\/v2\/posts\/19680\/revisions\/22325"}],"wp:attachment":[{"href":"https:\/\/www.ipod.info.pl\/index.php\/wp-json\/wp\/v2\/media?parent=19680"}],"wp:term":[{"taxonomy":"category","embeddable":true,"href":"https:\/\/www.ipod.info.pl\/index.php\/wp-json\/wp\/v2\/categories?post=19680"},{"taxonomy":"post_tag","embeddable":true,"href":"https:\/\/www.ipod.info.pl\/index.php\/wp-json\/wp\/v2\/tags?post=19680"}],"curies":[{"name":"wp","href":"https:\/\/api.w.org\/{rel}","templated":true}]}}