{"id":19880,"date":"2013-06-05T10:45:40","date_gmt":"2013-06-05T08:45:40","guid":{"rendered":"http:\/\/www.ipod.info.pl\/?p=19880"},"modified":"2013-06-05T11:00:00","modified_gmt":"2013-06-05T09:00:00","slug":"kontynuujemy-skladanie-iphone-5siphone-6-5","status":"publish","type":"post","link":"https:\/\/www.ipod.info.pl\/index.php\/kontynuujemy-skladanie-iphone-5siphone-6-5\/","title":{"rendered":"Kontynuujemy sk\u0142adanie iPhone 5S\/iPhone 6"},"content":{"rendered":"<p style=\"text-align: justify;\"><img loading=\"lazy\" decoding=\"async\" class=\"aligncenter size-full wp-image-19881\" alt=\"Zrzut ekranu 2013-06-4 o 16.56.17\" src=\"http:\/\/www.ipod.info.pl\/wp-content\/uploads\/2013\/06\/Zrzut-ekranu-2013-06-4-o-16.56.17.png\" width=\"790\" height=\"483\" srcset=\"https:\/\/www.ipod.info.pl\/wp-content\/uploads\/2013\/06\/Zrzut-ekranu-2013-06-4-o-16.56.17.png 790w, https:\/\/www.ipod.info.pl\/wp-content\/uploads\/2013\/06\/Zrzut-ekranu-2013-06-4-o-16.56.17-150x91.png 150w, https:\/\/www.ipod.info.pl\/wp-content\/uploads\/2013\/06\/Zrzut-ekranu-2013-06-4-o-16.56.17-250x152.png 250w\" sizes=\"(max-width: 790px) 100vw, 790px\" \/>Pami\u0119tacie <a href=\"http:\/\/www.ipod.info.pl\/index.php\/kontynuujemy-skladanie-iphone-5siphone-6-4\/\">tack\u0119 SIM do domniemanego iPhone&#8217;a 5S<\/a> w kolorze z\u0142otym znaczy szampa\u0144skim? Troch\u0119 nie chce mi si\u0119 wierzy\u0107 w to, \u017ce nowa generacji iPhone&#8217;a b\u0119dzie r\u00f3wnie\u017c dost\u0119pna w\u0142a\u015bnie w takim kolorze. Jednak na zdj\u0119ciu z\u00a0<a href=\"http:\/\/www.nowhereelse.fr\/iphone-5s-pieces-detachees-84412\/\" target=\"_blank\">www.nowhereelse.fr<\/a>\u00a0wida\u0107 wi\u0119cej element\u00f3w w tym kolorze &#8211; przyciski sterowania si\u0142\u0105 d\u017awi\u0119ku, przycisk Power oraz prze\u0142\u0105cznik wibracji. Czy\u017cby\u015bmy naprawd\u0119 mieli dosta\u0107 nowy kolor iPhone&#8217;a. Pewnie w pewnych kr\u0119gach b\u0119dzie cieszy\u0142 si\u0119 ogromnym powodzeniem sporo takich os\u00f3b widz\u0119 w\u0142a\u015bnie nad basenem.<\/p>\n","protected":false},"excerpt":{"rendered":"<p>Pami\u0119tacie tack\u0119 SIM do domniemanego iPhone&#8217;a 5S w kolorze z\u0142otym znaczy szampa\u0144skim? Troch\u0119 nie chce mi si\u0119 wierzy\u0107 w to, \u017ce nowa generacji iPhone&#8217;a b\u0119dzie r\u00f3wnie\u017c dost\u0119pna w\u0142a\u015bnie w takim kolorze. Jednak na zdj\u0119ciu z\u00a0www.nowhereelse.fr\u00a0wida\u0107 wi\u0119cej element\u00f3w w tym kolorze &#8211; przyciski sterowania si\u0142\u0105 d\u017awi\u0119ku, przycisk Power oraz prze\u0142\u0105cznik wibracji. Czy\u017cby\u015bmy naprawd\u0119 mieli dosta\u0107 nowy [&hellip;]<\/p>\n","protected":false},"author":2,"featured_media":0,"comment_status":"open","ping_status":"open","sticky":false,"template":"","format":"standard","meta":{"footnotes":""},"categories":[88,90],"tags":[],"aioseo_notices":[],"_links":{"self":[{"href":"https:\/\/www.ipod.info.pl\/index.php\/wp-json\/wp\/v2\/posts\/19880"}],"collection":[{"href":"https:\/\/www.ipod.info.pl\/index.php\/wp-json\/wp\/v2\/posts"}],"about":[{"href":"https:\/\/www.ipod.info.pl\/index.php\/wp-json\/wp\/v2\/types\/post"}],"author":[{"embeddable":true,"href":"https:\/\/www.ipod.info.pl\/index.php\/wp-json\/wp\/v2\/users\/2"}],"replies":[{"embeddable":true,"href":"https:\/\/www.ipod.info.pl\/index.php\/wp-json\/wp\/v2\/comments?post=19880"}],"version-history":[{"count":2,"href":"https:\/\/www.ipod.info.pl\/index.php\/wp-json\/wp\/v2\/posts\/19880\/revisions"}],"predecessor-version":[{"id":19884,"href":"https:\/\/www.ipod.info.pl\/index.php\/wp-json\/wp\/v2\/posts\/19880\/revisions\/19884"}],"wp:attachment":[{"href":"https:\/\/www.ipod.info.pl\/index.php\/wp-json\/wp\/v2\/media?parent=19880"}],"wp:term":[{"taxonomy":"category","embeddable":true,"href":"https:\/\/www.ipod.info.pl\/index.php\/wp-json\/wp\/v2\/categories?post=19880"},{"taxonomy":"post_tag","embeddable":true,"href":"https:\/\/www.ipod.info.pl\/index.php\/wp-json\/wp\/v2\/tags?post=19880"}],"curies":[{"name":"wp","href":"https:\/\/api.w.org\/{rel}","templated":true}]}}