{"id":20250,"date":"2013-07-17T23:49:47","date_gmt":"2013-07-17T21:49:47","guid":{"rendered":"http:\/\/www.ipod.info.pl\/?p=20250"},"modified":"2013-07-18T09:06:14","modified_gmt":"2013-07-18T07:06:14","slug":"czy-potrzebujecie-w-iphone-wiekszego-ekranu","status":"publish","type":"post","link":"https:\/\/www.ipod.info.pl\/index.php\/czy-potrzebujecie-w-iphone-wiekszego-ekranu\/","title":{"rendered":"Czy potrzebujecie w iPhone wi\u0119kszego ekranu?"},"content":{"rendered":"<p style=\"text-align: justify;\"><img loading=\"lazy\" decoding=\"async\" class=\"aligncenter size-full wp-image-20251\" alt=\"iPhone-6-z-iOS-7-790x471\" src=\"http:\/\/www.ipod.info.pl\/wp-content\/uploads\/2013\/07\/iPhone-6-z-iOS-7-790x471.png\" width=\"790\" height=\"471\" srcset=\"https:\/\/www.ipod.info.pl\/wp-content\/uploads\/2013\/07\/iPhone-6-z-iOS-7-790x471.png 790w, https:\/\/www.ipod.info.pl\/wp-content\/uploads\/2013\/07\/iPhone-6-z-iOS-7-790x471-150x89.png 150w, https:\/\/www.ipod.info.pl\/wp-content\/uploads\/2013\/07\/iPhone-6-z-iOS-7-790x471-250x149.png 250w\" sizes=\"(max-width: 790px) 100vw, 790px\" \/>Dawno nie by\u0142o ankiet na blogu. Rzu\u0107cie okiem na zdj\u0119cie powy\u017cej &#8211; <a href=\"http:\/\/www.ipod.info.pl\/index.php\/iphone-6-z-ios-7\/\" target=\"_blank\">ju\u017c kiedy\u015b si\u0119 u mnie pojawi\u0142o<\/a>. To swobodna wizja iPhone&#8217;a 6. Wracam do niej bo dzi\u015b znowu trafi\u0142em gdzie\u015b na plotki, \u017ce iPhone 5S\/6 by\u0107 op\u00f3\u017aniony poniewa\u017c s\u0105 problemy z dostaw\u0105 ekran\u00f3w \u2026 uwaga 4,3&#8243;. Osobi\u015bcie te plotki wk\u0142adam mi\u0119dzy bajki, ale jestem ciekaw jak Wy, u\u017cytkownicy iPhon\u00f3w si\u0119 na to zapatrujecie. Czy potrzebny Wam ekran wi\u0119kszy ni\u017c 4 cale? Czy mo\u017ce 4 cale s\u0105 idealne? Mo\u017ce nawet 4&#8243; to za du\u017co?n<\/p>\n<div>\n\t<div class='democracy'>\n\t\t<strong class=\"poll-question\">Czy chcia\u0142by\u015b w iPhone ekran wi\u0119kszy ni\u017c 4\"<\/strong>\n\t\t<div class='dem-results'>\n\t\t<form action='https:\/\/www.ipod.info.pl\/wp-content\/plugins\/democracy\/democracy.php' onsubmit='return dem_Vote(this)'>\n\t\t<ul>\n\t\t\t<li>\n\t\t\t\t\t<input type='radio' id='dem-choice-319' value='319' name='dem_poll_47' \/>\n\t\t\t\t\t<label for='dem-choice-319'>Tak, ale w gabarytach obecnego iPhone'a<\/label>\n\t\t\t<\/li>\n\t\t\t<li>\n\t\t\t\t\t<input type='radio' id='dem-choice-320' value='320' name='dem_poll_47' \/>\n\t\t\t\t\t<label for='dem-choice-320'>Nie, 4\" jest idealne<\/label>\n\t\t\t<\/li>\n\t\t\t<li>\n\t\t\t\t\t<input type='radio' id='dem-choice-318' value='318' name='dem_poll_47' \/>\n\t\t\t\t\t<label for='dem-choice-318'>Tak, im wi\u0119kszy tym lepszy<\/label>\n\t\t\t<\/li>\n\t\t\t<li>\n\t\t\t\t\t<input type='radio' id='dem-choice-321' value='321' name='dem_poll_47' \/>\n\t\t\t\t\t<label for='dem-choice-321'>Chc\u0119 powrotu do ekranu 3,5\"<\/label>\n\t\t\t<\/li>\n\t\t<\/ul>\n\t\t\t<input type='hidden' name='dem_poll_id' value='47' \/>\n\t\t\t<input type='hidden' name='dem_action' value='vote' \/>\n\t\t\t<input type='submit' class='dem-vote-button' value='Vote' \/>\n\t\t\t<a href='\/index.php\/wp-json\/wp\/v2\/posts\/20250?dem_action=view&amp;dem_poll_id=47' onclick='return dem_getVotes(\"https:\/\/www.ipod.info.pl\/wp-content\/plugins\/democracy\/democracy.php?dem_action=view&amp;dem_poll_id=47\", this)' rel='nofollow' class='dem-vote-link'>View Results<\/a>\n\t\t<\/form>\n\t\t<\/div>\n\t<\/div><\/div>\n<\/p>\n<p>PS. Ja odpowiedzia\u0142em &#8211;\u00a0Tak, ale w gabarytach obecnego iPhone&#8217;a<\/p>\n","protected":false},"excerpt":{"rendered":"<p>Dawno nie by\u0142o ankiet na blogu. Rzu\u0107cie okiem na zdj\u0119cie powy\u017cej &#8211; ju\u017c kiedy\u015b si\u0119 u mnie pojawi\u0142o. To swobodna wizja iPhone&#8217;a 6. Wracam do niej bo dzi\u015b znowu trafi\u0142em gdzie\u015b na plotki, \u017ce iPhone 5S\/6 by\u0107 op\u00f3\u017aniony poniewa\u017c s\u0105 problemy z dostaw\u0105 ekran\u00f3w \u2026 uwaga 4,3&#8243;. Osobi\u015bcie te plotki wk\u0142adam mi\u0119dzy bajki, ale jestem [&hellip;]<\/p>\n","protected":false},"author":2,"featured_media":0,"comment_status":"open","ping_status":"open","sticky":false,"template":"","format":"standard","meta":{"footnotes":""},"categories":[16,88,90],"tags":[],"aioseo_notices":[],"_links":{"self":[{"href":"https:\/\/www.ipod.info.pl\/index.php\/wp-json\/wp\/v2\/posts\/20250"}],"collection":[{"href":"https:\/\/www.ipod.info.pl\/index.php\/wp-json\/wp\/v2\/posts"}],"about":[{"href":"https:\/\/www.ipod.info.pl\/index.php\/wp-json\/wp\/v2\/types\/post"}],"author":[{"embeddable":true,"href":"https:\/\/www.ipod.info.pl\/index.php\/wp-json\/wp\/v2\/users\/2"}],"replies":[{"embeddable":true,"href":"https:\/\/www.ipod.info.pl\/index.php\/wp-json\/wp\/v2\/comments?post=20250"}],"version-history":[{"count":3,"href":"https:\/\/www.ipod.info.pl\/index.php\/wp-json\/wp\/v2\/posts\/20250\/revisions"}],"predecessor-version":[{"id":20254,"href":"https:\/\/www.ipod.info.pl\/index.php\/wp-json\/wp\/v2\/posts\/20250\/revisions\/20254"}],"wp:attachment":[{"href":"https:\/\/www.ipod.info.pl\/index.php\/wp-json\/wp\/v2\/media?parent=20250"}],"wp:term":[{"taxonomy":"category","embeddable":true,"href":"https:\/\/www.ipod.info.pl\/index.php\/wp-json\/wp\/v2\/categories?post=20250"},{"taxonomy":"post_tag","embeddable":true,"href":"https:\/\/www.ipod.info.pl\/index.php\/wp-json\/wp\/v2\/tags?post=20250"}],"curies":[{"name":"wp","href":"https:\/\/api.w.org\/{rel}","templated":true}]}}