{"id":20395,"date":"2013-07-31T21:51:41","date_gmt":"2013-07-31T19:51:41","guid":{"rendered":"http:\/\/www.ipod.info.pl\/?p=20395"},"modified":"2013-07-31T23:06:14","modified_gmt":"2013-07-31T21:06:14","slug":"ipad-mini-bez-retiny-nie-kupuje","status":"publish","type":"post","link":"https:\/\/www.ipod.info.pl\/index.php\/ipad-mini-bez-retiny-nie-kupuje\/","title":{"rendered":"iPad mini bez Retiny? Nie kupuj\u0119"},"content":{"rendered":"<p style=\"text-align: justify;\"><a href=\"http:\/\/www.ipod.info.pl\/wp-content\/uploads\/2013\/07\/132989.png\"><img loading=\"lazy\" decoding=\"async\" class=\"aligncenter size-large wp-image-20396\" alt=\"132989\" src=\"http:\/\/www.ipod.info.pl\/wp-content\/uploads\/2013\/07\/132989-790x266.png\" width=\"790\" height=\"266\" srcset=\"https:\/\/www.ipod.info.pl\/wp-content\/uploads\/2013\/07\/132989-790x266.png 790w, https:\/\/www.ipod.info.pl\/wp-content\/uploads\/2013\/07\/132989-150x50.png 150w, https:\/\/www.ipod.info.pl\/wp-content\/uploads\/2013\/07\/132989-250x84.png 250w, https:\/\/www.ipod.info.pl\/wp-content\/uploads\/2013\/07\/132989.png 1166w\" sizes=\"auto, (max-width: 790px) 100vw, 790px\" \/><\/a>Dzi\u015b kolejne plotki o iPadzie mini drugiej generacji sugeruj\u0105, \u017ce nie b\u0119dzie mia\u0142 on wy\u015bwietlacza Retina. S\u0105 one o tyle powa\u017cne, \u017ce nie pochodz\u0105 od jakiego\u015b analityka &#8222;rynku&#8221; tylko wprost z SDK do systemu iOS 7. <a href=\"http:\/\/9to5mac.com\/2013\/07\/31\/apple-has-a6-based-ipad-mini-without-retina-display-in-the-works\/\" target=\"_blank\">9to5mac.com<\/a>\u00a0do\u015b\u0107 dok\u0142adnie przeanalizowa\u0142 SDK i znalaz\u0142 odniesienia do trzech nowych iPad\u00f3w. S\u0105 to iPad2,8, iPad2,9 oraz iPad2,10 o kodowych nazwach odpowiednio J75, J76 i J77. Czyli jest to jeden model z Wi-Fi i dwa r\u00f3\u017cne z modu\u0142em GSM. Zupe\u0142nie jak obecne iPady mini (iPad2,5 iPad2,6, iPad2,7). Przy opisie modelu znajdziemy te\u017c w polu &#8222;Platform&#8221; wyra\u017cenie\u00a0s5l8950x. Kryje si\u0119 za nim procesor A6 bo takie samo wyra\u017cenie znajdziemy w opisie iPhone 5.\u00a0Niestety nigdzie w opisie modelu nie znajdziemy wyra\u017cenia &#8222;@2x&#8221; oznaczaj\u0105cego, \u017ce dane urz\u0105dzenie ma ekran typu Retina.<\/p>\n<p style=\"text-align: justify;\">Je\u015bli ta analiza jest prawdziwa to nowa generacja iPada mini b\u0119dzie mia\u0142a procesor A6 ale nie b\u0119dzie mia\u0142a ekranu Retina. To by\u0142by absolutny strza\u0142 w stop\u0119 dokonany przez Apple. Teraz gdy Google pokaza\u0142o nowego Nexusa 7 z ekranem 1920 x 1200 wszyscy oczekuj\u0105 iPada mini z Retina. Ja r\u00f3wnie\u017c. Ekran nowego mini to jego najs\u0142absza cz\u0119\u015b\u0107 i naprawd\u0119 d\u0142ugo musz\u0119 si\u0119 do niego przyzwyczaja\u0107 po ka\u017cdorazowym spojrzeniu na du\u017cego iPada z Retin\u0105. Je\u015bli Apple nie wyda Mini z lepszym ekranem, a jedynie ze zmienionym procesorem to go nie kupi\u0119, nie b\u0119dzie w nim nic co b\u0119dzie mnie poci\u0105ga\u0142o. Pewnie podobne do moich odczucia b\u0119d\u0105 mia\u0142y tysi\u0105ce os\u00f3b wstrzymuj\u0105ce si\u0119 teraz z zakupem Mini i czekaj\u0105ce na now\u0105 wersj\u0119. Nie oszukujmy si\u0119 95% czeka na nowy ekran, nowy procesor &#8211; bez urazy ale &#8222;nikogo&#8221;. Niestety rzeczy ujawnione powy\u017cej nie k\u0142ami\u0105, b\u0119dzie jaki\u015b nowy model iPada z procesorem A6 i bez Retiny.\u00a0Mam jednak nadziej\u0119, \u017ce b\u0119dzie to tylko s\u0142absza wersja iPada mini, czyli obecny iPad mini w ta\u0144szej wersji bez Retiny ale z nowym procesorem. Opr\u00f3cz niego pojawi si\u0119 zupe\u0142nie nowa wersja z procesorem A6X i ekranem o du\u017cej rozdzielczo\u015bci.<br \/>\nZ jednej strony to tylko moje widzimisi\u0119, ale z drugiej strony to ca\u0142kiem prawdopodobne bo przecie\u017c to prawie pewne, \u017ce obecny iPad mini w identycznej lub lekko zmodyfikowanej wersji zostanie w sprzeda\u017cy jako &#8222;entry&#8221; model obok najnowszej wersji.<\/p>\n<p style=\"text-align: justify;\">Czy Wy wstrzymujecie si\u0119 w\u0142a\u015bnie z zakupem nowego iPada? Na jakiego czekacie?<\/p>\n","protected":false},"excerpt":{"rendered":"<p>Dzi\u015b kolejne plotki o iPadzie mini drugiej generacji sugeruj\u0105, \u017ce nie b\u0119dzie mia\u0142 on wy\u015bwietlacza Retina. S\u0105 one o tyle powa\u017cne, \u017ce nie pochodz\u0105 od jakiego\u015b analityka &#8222;rynku&#8221; tylko wprost z SDK do systemu iOS 7. 9to5mac.com\u00a0do\u015b\u0107 dok\u0142adnie przeanalizowa\u0142 SDK i znalaz\u0142 odniesienia do trzech nowych iPad\u00f3w. S\u0105 to iPad2,8, iPad2,9 oraz iPad2,10 o kodowych [&hellip;]<\/p>\n","protected":false},"author":2,"featured_media":0,"comment_status":"open","ping_status":"open","sticky":false,"template":"","format":"standard","meta":{"footnotes":""},"categories":[55,84,92],"tags":[],"class_list":["post-20395","post","type-post","status-publish","format-standard","hentry","category-ipad1g","category-ipad-mini","category-ipad-mini-2g"],"aioseo_notices":[],"aioseo_head":"\n\t\t<!-- All in One SEO 5.0.0.1 - aioseo.com -->\n\t<meta name=\"robots\" content=\"max-image-preview:large\" \/>\n\t<meta name=\"author\" content=\"norbi\"\/>\n\t<link rel=\"canonical\" href=\"https:\/\/www.ipod.info.pl\/index.php\/ipad-mini-bez-retiny-nie-kupuje\/\" \/>\n\t<meta name=\"generator\" content=\"All in One SEO (AIOSEO) 5.0.0.1\" \/>\n\t\t<meta property=\"og:locale\" content=\"pl_PL\" \/>\n\t\t<meta property=\"og:site_name\" content=\"iPod.info.pl \u2014 iPod, iPad, iPhone, iBlog | iPod, iPad, iPhone, iPhone 3G, iPhone 3GS, iPhone 4, Apple TV\" \/>\n\t\t<meta property=\"og:type\" content=\"article\" \/>\n\t\t<meta property=\"og:title\" content=\"iPad mini bez Retiny? Nie kupuj\u0119 | iPod.info.pl \u2014 iPod, iPad, iPhone, iBlog\" \/>\n\t\t<meta property=\"og:url\" content=\"https:\/\/www.ipod.info.pl\/index.php\/ipad-mini-bez-retiny-nie-kupuje\/\" \/>\n\t\t<meta property=\"article:published_time\" content=\"2013-07-31T19:51:41+00:00\" \/>\n\t\t<meta property=\"article:modified_time\" content=\"2013-07-31T21:06:14+00:00\" \/>\n\t\t<meta name=\"twitter:card\" content=\"summary_large_image\" \/>\n\t\t<meta name=\"twitter:title\" content=\"iPad mini bez Retiny? Nie kupuj\u0119 | iPod.info.pl \u2014 iPod, iPad, iPhone, iBlog\" \/>\n\t\t<script type=\"application\/ld+json\" class=\"aioseo-schema\">\n\t\t\t{\"@context\":\"https:\\\/\\\/schema.org\",\"@graph\":[{\"@type\":\"Article\",\"@id\":\"https:\\\/\\\/www.ipod.info.pl\\\/index.php\\\/ipad-mini-bez-retiny-nie-kupuje\\\/#article\",\"name\":\"iPad mini bez Retiny? Nie kupuj\\u0119 | iPod.info.pl \\u2014 iPod, iPad, iPhone, iBlog\",\"headline\":\"iPad mini bez Retiny? Nie kupuj\\u0119\",\"author\":{\"@id\":\"https:\\\/\\\/www.ipod.info.pl\\\/index.php\\\/author\\\/norbi\\\/#author\"},\"publisher\":{\"@id\":\"https:\\\/\\\/www.ipod.info.pl\\\/#organization\"},\"image\":{\"@type\":\"ImageObject\",\"url\":\"https:\\\/\\\/www.ipod.info.pl\\\/wp-content\\\/uploads\\\/2013\\\/07\\\/132989.png\",\"@id\":\"https:\\\/\\\/www.ipod.info.pl\\\/index.php\\\/ipad-mini-bez-retiny-nie-kupuje\\\/#articleImage\",\"width\":1166,\"height\":394},\"datePublished\":\"2013-07-31T21:51:41+02:00\",\"dateModified\":\"2013-07-31T23:06:14+02:00\",\"inLanguage\":\"pl-PL\",\"commentCount\":36,\"mainEntityOfPage\":{\"@id\":\"https:\\\/\\\/www.ipod.info.pl\\\/index.php\\\/ipad-mini-bez-retiny-nie-kupuje\\\/#webpage\"},\"isPartOf\":{\"@id\":\"https:\\\/\\\/www.ipod.info.pl\\\/index.php\\\/ipad-mini-bez-retiny-nie-kupuje\\\/#webpage\"},\"articleSection\":\"iPad, iPad mini, iPad mini 2G\"},{\"@type\":\"BreadcrumbList\",\"@id\":\"https:\\\/\\\/www.ipod.info.pl\\\/index.php\\\/ipad-mini-bez-retiny-nie-kupuje\\\/#breadcrumblist\",\"itemListElement\":[{\"@type\":\"ListItem\",\"@id\":\"https:\\\/\\\/www.ipod.info.pl#listItem\",\"position\":1,\"name\":\"Dom\",\"item\":\"https:\\\/\\\/www.ipod.info.pl\",\"nextItem\":{\"@type\":\"ListItem\",\"@id\":\"https:\\\/\\\/www.ipod.info.pl\\\/index.php\\\/category\\\/ipad1g\\\/#listItem\",\"name\":\"iPad\"}},{\"@type\":\"ListItem\",\"@id\":\"https:\\\/\\\/www.ipod.info.pl\\\/index.php\\\/category\\\/ipad1g\\\/#listItem\",\"position\":2,\"name\":\"iPad\",\"item\":\"https:\\\/\\\/www.ipod.info.pl\\\/index.php\\\/category\\\/ipad1g\\\/\",\"nextItem\":{\"@type\":\"ListItem\",\"@id\":\"https:\\\/\\\/www.ipod.info.pl\\\/index.php\\\/ipad-mini-bez-retiny-nie-kupuje\\\/#listItem\",\"name\":\"iPad mini bez Retiny? Nie kupuj\\u0119\"},\"previousItem\":{\"@type\":\"ListItem\",\"@id\":\"https:\\\/\\\/www.ipod.info.pl#listItem\",\"name\":\"Dom\"}},{\"@type\":\"ListItem\",\"@id\":\"https:\\\/\\\/www.ipod.info.pl\\\/index.php\\\/ipad-mini-bez-retiny-nie-kupuje\\\/#listItem\",\"position\":3,\"name\":\"iPad mini bez Retiny? Nie kupuj\\u0119\",\"previousItem\":{\"@type\":\"ListItem\",\"@id\":\"https:\\\/\\\/www.ipod.info.pl\\\/index.php\\\/category\\\/ipad1g\\\/#listItem\",\"name\":\"iPad\"}}]},{\"@type\":\"Organization\",\"@id\":\"https:\\\/\\\/www.ipod.info.pl\\\/#organization\",\"name\":\"iPod.info.pl \\u2014 iPod, iPad, iPhone, iBlog\",\"description\":\"iPod, iPad, iPhone, iPhone 3G, iPhone 3GS, iPhone 4, Apple TV\",\"url\":\"https:\\\/\\\/www.ipod.info.pl\\\/\"},{\"@type\":\"Person\",\"@id\":\"https:\\\/\\\/www.ipod.info.pl\\\/index.php\\\/author\\\/norbi\\\/#author\",\"url\":\"https:\\\/\\\/www.ipod.info.pl\\\/index.php\\\/author\\\/norbi\\\/\",\"name\":\"norbi\"},{\"@type\":\"WebPage\",\"@id\":\"https:\\\/\\\/www.ipod.info.pl\\\/index.php\\\/ipad-mini-bez-retiny-nie-kupuje\\\/#webpage\",\"url\":\"https:\\\/\\\/www.ipod.info.pl\\\/index.php\\\/ipad-mini-bez-retiny-nie-kupuje\\\/\",\"name\":\"iPad mini bez Retiny? Nie kupuj\\u0119 | iPod.info.pl \\u2014 iPod, iPad, iPhone, iBlog\",\"inLanguage\":\"pl-PL\",\"isPartOf\":{\"@id\":\"https:\\\/\\\/www.ipod.info.pl\\\/#website\"},\"breadcrumb\":{\"@id\":\"https:\\\/\\\/www.ipod.info.pl\\\/index.php\\\/ipad-mini-bez-retiny-nie-kupuje\\\/#breadcrumblist\"},\"author\":{\"@id\":\"https:\\\/\\\/www.ipod.info.pl\\\/index.php\\\/author\\\/norbi\\\/#author\"},\"creator\":{\"@id\":\"https:\\\/\\\/www.ipod.info.pl\\\/index.php\\\/author\\\/norbi\\\/#author\"},\"datePublished\":\"2013-07-31T21:51:41+02:00\",\"dateModified\":\"2013-07-31T23:06:14+02:00\"},{\"@type\":\"WebSite\",\"@id\":\"https:\\\/\\\/www.ipod.info.pl\\\/#website\",\"url\":\"https:\\\/\\\/www.ipod.info.pl\\\/\",\"name\":\"iPod.info.pl \\u2014 iPod, iPad, iPhone, iBlog\",\"description\":\"iPod, iPad, iPhone, iPhone 3G, iPhone 3GS, iPhone 4, Apple TV\",\"inLanguage\":\"pl-PL\",\"publisher\":{\"@id\":\"https:\\\/\\\/www.ipod.info.pl\\\/#organization\"}}]}\n\t\t<\/script>\n\t\t<!-- All in One SEO -->\n\n","aioseo_head_json":{"title":"iPad mini bez Retiny? Nie kupuj\u0119 | iPod.info.pl \u2014 iPod, iPad, iPhone, iBlog","description":"","canonical_url":"https:\/\/www.ipod.info.pl\/index.php\/ipad-mini-bez-retiny-nie-kupuje\/","robots":"max-image-preview:large","keywords":"","webmasterTools":{"miscellaneous":""},"schema":{"@context":"https:\/\/schema.org","@graph":[{"@type":"Article","@id":"https:\/\/www.ipod.info.pl\/index.php\/ipad-mini-bez-retiny-nie-kupuje\/#article","name":"iPad mini bez Retiny? Nie kupuj\u0119 | iPod.info.pl \u2014 iPod, iPad, iPhone, iBlog","headline":"iPad mini bez Retiny? Nie kupuj\u0119","author":{"@id":"https:\/\/www.ipod.info.pl\/index.php\/author\/norbi\/#author"},"publisher":{"@id":"https:\/\/www.ipod.info.pl\/#organization"},"image":{"@type":"ImageObject","url":"https:\/\/www.ipod.info.pl\/wp-content\/uploads\/2013\/07\/132989.png","@id":"https:\/\/www.ipod.info.pl\/index.php\/ipad-mini-bez-retiny-nie-kupuje\/#articleImage","width":1166,"height":394},"datePublished":"2013-07-31T21:51:41+02:00","dateModified":"2013-07-31T23:06:14+02:00","inLanguage":"pl-PL","commentCount":36,"mainEntityOfPage":{"@id":"https:\/\/www.ipod.info.pl\/index.php\/ipad-mini-bez-retiny-nie-kupuje\/#webpage"},"isPartOf":{"@id":"https:\/\/www.ipod.info.pl\/index.php\/ipad-mini-bez-retiny-nie-kupuje\/#webpage"},"articleSection":"iPad, iPad mini, iPad mini 2G"},{"@type":"BreadcrumbList","@id":"https:\/\/www.ipod.info.pl\/index.php\/ipad-mini-bez-retiny-nie-kupuje\/#breadcrumblist","itemListElement":[{"@type":"ListItem","@id":"https:\/\/www.ipod.info.pl#listItem","position":1,"name":"Dom","item":"https:\/\/www.ipod.info.pl","nextItem":{"@type":"ListItem","@id":"https:\/\/www.ipod.info.pl\/index.php\/category\/ipad1g\/#listItem","name":"iPad"}},{"@type":"ListItem","@id":"https:\/\/www.ipod.info.pl\/index.php\/category\/ipad1g\/#listItem","position":2,"name":"iPad","item":"https:\/\/www.ipod.info.pl\/index.php\/category\/ipad1g\/","nextItem":{"@type":"ListItem","@id":"https:\/\/www.ipod.info.pl\/index.php\/ipad-mini-bez-retiny-nie-kupuje\/#listItem","name":"iPad mini bez Retiny? Nie kupuj\u0119"},"previousItem":{"@type":"ListItem","@id":"https:\/\/www.ipod.info.pl#listItem","name":"Dom"}},{"@type":"ListItem","@id":"https:\/\/www.ipod.info.pl\/index.php\/ipad-mini-bez-retiny-nie-kupuje\/#listItem","position":3,"name":"iPad mini bez Retiny? Nie kupuj\u0119","previousItem":{"@type":"ListItem","@id":"https:\/\/www.ipod.info.pl\/index.php\/category\/ipad1g\/#listItem","name":"iPad"}}]},{"@type":"Organization","@id":"https:\/\/www.ipod.info.pl\/#organization","name":"iPod.info.pl \u2014 iPod, iPad, iPhone, iBlog","description":"iPod, iPad, iPhone, iPhone 3G, iPhone 3GS, iPhone 4, Apple TV","url":"https:\/\/www.ipod.info.pl\/"},{"@type":"Person","@id":"https:\/\/www.ipod.info.pl\/index.php\/author\/norbi\/#author","url":"https:\/\/www.ipod.info.pl\/index.php\/author\/norbi\/","name":"norbi"},{"@type":"WebPage","@id":"https:\/\/www.ipod.info.pl\/index.php\/ipad-mini-bez-retiny-nie-kupuje\/#webpage","url":"https:\/\/www.ipod.info.pl\/index.php\/ipad-mini-bez-retiny-nie-kupuje\/","name":"iPad mini bez Retiny? Nie kupuj\u0119 | iPod.info.pl \u2014 iPod, iPad, iPhone, iBlog","inLanguage":"pl-PL","isPartOf":{"@id":"https:\/\/www.ipod.info.pl\/#website"},"breadcrumb":{"@id":"https:\/\/www.ipod.info.pl\/index.php\/ipad-mini-bez-retiny-nie-kupuje\/#breadcrumblist"},"author":{"@id":"https:\/\/www.ipod.info.pl\/index.php\/author\/norbi\/#author"},"creator":{"@id":"https:\/\/www.ipod.info.pl\/index.php\/author\/norbi\/#author"},"datePublished":"2013-07-31T21:51:41+02:00","dateModified":"2013-07-31T23:06:14+02:00"},{"@type":"WebSite","@id":"https:\/\/www.ipod.info.pl\/#website","url":"https:\/\/www.ipod.info.pl\/","name":"iPod.info.pl \u2014 iPod, iPad, iPhone, iBlog","description":"iPod, iPad, iPhone, iPhone 3G, iPhone 3GS, iPhone 4, Apple TV","inLanguage":"pl-PL","publisher":{"@id":"https:\/\/www.ipod.info.pl\/#organization"}}]},"og:locale":"pl_PL","og:site_name":"iPod.info.pl \u2014 iPod, iPad, iPhone, iBlog | iPod, iPad, iPhone, iPhone 3G, iPhone 3GS, iPhone 4, Apple TV","og:type":"article","og:title":"iPad mini bez Retiny? Nie kupuj\u0119 | iPod.info.pl \u2014 iPod, iPad, iPhone, iBlog","og:url":"https:\/\/www.ipod.info.pl\/index.php\/ipad-mini-bez-retiny-nie-kupuje\/","article:published_time":"2013-07-31T19:51:41+00:00","article:modified_time":"2013-07-31T21:06:14+00:00","twitter:card":"summary_large_image","twitter:title":"iPad mini bez Retiny? Nie kupuj\u0119 | iPod.info.pl \u2014 iPod, iPad, iPhone, iBlog"},"aioseo_meta_data":{"post_id":"20395","title":null,"description":null,"keywords":null,"keyphrases":null,"primary_term":null,"canonical_url":null,"og_title":null,"og_description":null,"og_object_type":"default","og_image_type":"default","og_image_url":null,"og_image_width":null,"og_image_height":null,"og_image_custom_url":null,"og_image_custom_fields":null,"og_video":null,"og_custom_url":null,"og_article_section":null,"og_article_tags":null,"twitter_use_og":false,"twitter_card":"default","twitter_image_type":"default","twitter_image_url":null,"twitter_image_custom_url":null,"twitter_image_custom_fields":null,"twitter_title":null,"twitter_description":null,"schema":{"blockGraphs":[],"customGraphs":[],"default":{"data":{"Article":[],"Course":[],"Dataset":[],"FAQPage":[],"Movie":[],"Person":[],"Product":[],"ProductReview":[],"Car":[],"Recipe":[],"Service":[],"SoftwareApplication":[],"WebPage":[]},"graphName":"","isEnabled":true},"graphs":[]},"schema_type":"default","schema_type_options":null,"pillar_content":false,"robots_default":true,"robots_noindex":false,"robots_noarchive":false,"robots_nosnippet":false,"robots_nofollow":false,"robots_noimageindex":false,"robots_noodp":false,"robots_notranslate":false,"robots_max_snippet":null,"robots_max_videopreview":null,"robots_max_imagepreview":"large","priority":null,"frequency":null,"local_seo":null,"limit_modified_date":false,"created":"2024-07-03 13:06:18","updated":"2026-08-13 22:34:40","focus_keyword":null,"additional_keywords":null,"truseo_locale":null,"ai":null,"breadcrumb_settings":null,"seo_analyzer_scan_date":null},"aioseo_breadcrumb":"<div class=\"aioseo-breadcrumbs\"><span class=\"aioseo-breadcrumb\">\n\t\t\t<a href=\"https:\/\/www.ipod.info.pl\" title=\"Dom\">Dom<\/a>\n\t\t<\/span><span class=\"aioseo-breadcrumb-separator\">&raquo;<\/span><span class=\"aioseo-breadcrumb\">\n\t\t\t<a href=\"https:\/\/www.ipod.info.pl\/index.php\/category\/ipad1g\/\" title=\"iPad\">iPad<\/a>\n\t\t<\/span><span class=\"aioseo-breadcrumb-separator\">&raquo;<\/span><span class=\"aioseo-breadcrumb\">\n\t\t\tiPad mini bez Retiny? Nie kupuj\u0119\n\t\t<\/span><\/div>","aioseo_breadcrumb_json":[{"label":"Dom","link":"https:\/\/www.ipod.info.pl"},{"label":"iPad","link":"https:\/\/www.ipod.info.pl\/index.php\/category\/ipad1g\/"},{"label":"iPad mini bez Retiny? Nie kupuj\u0119","link":"https:\/\/www.ipod.info.pl\/index.php\/ipad-mini-bez-retiny-nie-kupuje\/"}],"_links":{"self":[{"href":"https:\/\/www.ipod.info.pl\/index.php\/wp-json\/wp\/v2\/posts\/20395","targetHints":{"allow":["GET"]}}],"collection":[{"href":"https:\/\/www.ipod.info.pl\/index.php\/wp-json\/wp\/v2\/posts"}],"about":[{"href":"https:\/\/www.ipod.info.pl\/index.php\/wp-json\/wp\/v2\/types\/post"}],"author":[{"embeddable":true,"href":"https:\/\/www.ipod.info.pl\/index.php\/wp-json\/wp\/v2\/users\/2"}],"replies":[{"embeddable":true,"href":"https:\/\/www.ipod.info.pl\/index.php\/wp-json\/wp\/v2\/comments?post=20395"}],"version-history":[{"count":2,"href":"https:\/\/www.ipod.info.pl\/index.php\/wp-json\/wp\/v2\/posts\/20395\/revisions"}],"predecessor-version":[{"id":20398,"href":"https:\/\/www.ipod.info.pl\/index.php\/wp-json\/wp\/v2\/posts\/20395\/revisions\/20398"}],"wp:attachment":[{"href":"https:\/\/www.ipod.info.pl\/index.php\/wp-json\/wp\/v2\/media?parent=20395"}],"wp:term":[{"taxonomy":"category","embeddable":true,"href":"https:\/\/www.ipod.info.pl\/index.php\/wp-json\/wp\/v2\/categories?post=20395"},{"taxonomy":"post_tag","embeddable":true,"href":"https:\/\/www.ipod.info.pl\/index.php\/wp-json\/wp\/v2\/tags?post=20395"}],"curies":[{"name":"wp","href":"https:\/\/api.w.org\/{rel}","templated":true}]}}