{"id":20493,"date":"2013-08-10T09:20:29","date_gmt":"2013-08-10T07:20:29","guid":{"rendered":"http:\/\/www.ipod.info.pl\/?p=20493"},"modified":"2013-08-10T09:20:29","modified_gmt":"2013-08-10T07:20:29","slug":"prawie-13-ipad-to-nie-bylby-ipad","status":"publish","type":"post","link":"https:\/\/www.ipod.info.pl\/index.php\/prawie-13-ipad-to-nie-bylby-ipad\/","title":{"rendered":"Prawie 13&#8243; iPad to nie by\u0142by iPad"},"content":{"rendered":"<p style=\"text-align: justify;\"><a href=\"http:\/\/www.ipod.info.pl\/wp-content\/uploads\/2013\/08\/12_9_ipad_macbook_air.jpg\"><img loading=\"lazy\" decoding=\"async\" class=\"aligncenter size-large wp-image-20495\" alt=\"12_9_ipad_macbook_air\" src=\"http:\/\/www.ipod.info.pl\/wp-content\/uploads\/2013\/08\/12_9_ipad_macbook_air-790x444.jpg\" width=\"790\" height=\"444\" srcset=\"https:\/\/www.ipod.info.pl\/wp-content\/uploads\/2013\/08\/12_9_ipad_macbook_air-790x444.jpg 790w, https:\/\/www.ipod.info.pl\/wp-content\/uploads\/2013\/08\/12_9_ipad_macbook_air-150x84.jpg 150w, https:\/\/www.ipod.info.pl\/wp-content\/uploads\/2013\/08\/12_9_ipad_macbook_air-250x140.jpg 250w, https:\/\/www.ipod.info.pl\/wp-content\/uploads\/2013\/08\/12_9_ipad_macbook_air.jpg 1280w\" sizes=\"auto, (max-width: 790px) 100vw, 790px\" \/><\/a>Jaki\u015b czas temu pojawi\u0142y si\u0119 plotki o tym, \u017ce Apple pracuje nad prawie 13&#8243; iPadem dok\u0142adnie to nad 12,9&#8243; . Wczoraj\u00a0<a href=\"http:\/\/www.macrumors.com\/2013\/08\/09\/size-comparison-of-a-12-9-inch-ipad-with-smaller-ipad-models-and-13-inch-macbook-air\/\" target=\"_blank\">www.macrumors.com<\/a>\u00a0pokaza\u0142 wizualizacj\u0119 takiego urz\u0105dzenia. Powy\u017cej mo\u017cecie zobaczy\u0107 jak wygl\u0105da w por\u00f3wnaniu do 13&#8243; MacBooka Air &#8211; czyli dok\u0142adnie takiego jakiego mam. W rozwini\u0119ciu wpisu za\u015b macie por\u00f3wnanie do obecnych iPad\u00f3w.<br \/>\nBy\u0142bym absolutnie zdziwiony je\u015bli taki iPad by si\u0119 pojawi\u0142 bo jest on dok\u0142adnym zaprzeczeniem idei iPada, czyli przeno\u015bnego bardzo osobistego komputera. W chwili obecnej to iPadowi mini najbli\u017cej do tej idei i pod\u0105\u017canie w drug\u0105 stron\u0119 jest ca\u0142kowicie bez sensu. Mo\u017ce zbyt bardzo si\u0119 ograniczam patrz\u0105c na to jak u\u017cywam iPad\u00f3w w tej chwili, ale nie potrafi\u0119 sobie wyobrazi\u0107 jak mia\u0142oby si\u0119 korzysta\u0107 z 13&#8243; iPada. W formie le\u017c\u0105cej na biurku wymaga\u0142by jakie\u015b podstawki, a w r\u0119kach nie da\u0142o by si\u0119 go d\u0142ugo utrzyma\u0107 bo wa\u017cy\u0142by oko\u0142o kilograma. Dodatkowo system iOS jaki znamy w chwili obecnej nie sprawdzi\u0142by si\u0119 na tak du\u017cym ekranie. O ile na ekranach 7,9&#8243; i 9,7&#8243; idea pracy w jednym oknie jest wygodna to na ekranie 13&#8243; niekt\u00f3re aplikacje wygl\u0105da\u0142y by przynajmniej \u015bmiesznie.<br \/>\nZ ciekawo\u015bci &#8211; czy ktokolwiek z Was chcia\u0142by takiego du\u017cego iPada i znalaz\u0142by dla niego jakie\u015b rozs\u0105dne zastosowanie?<\/p>\n<p style=\"text-align: justify;\"><!--more--><\/p>\n<p style=\"text-align: justify;\"><a href=\"http:\/\/www.ipod.info.pl\/wp-content\/uploads\/2013\/08\/12_9_ipad_ipad_4_mini_light.jpg\"><img loading=\"lazy\" decoding=\"async\" class=\"aligncenter size-large wp-image-20494\" alt=\"12_9_ipad_ipad_4_mini_light\" src=\"http:\/\/www.ipod.info.pl\/wp-content\/uploads\/2013\/08\/12_9_ipad_ipad_4_mini_light-790x444.jpg\" width=\"790\" height=\"444\" srcset=\"https:\/\/www.ipod.info.pl\/wp-content\/uploads\/2013\/08\/12_9_ipad_ipad_4_mini_light-790x444.jpg 790w, https:\/\/www.ipod.info.pl\/wp-content\/uploads\/2013\/08\/12_9_ipad_ipad_4_mini_light-150x84.jpg 150w, https:\/\/www.ipod.info.pl\/wp-content\/uploads\/2013\/08\/12_9_ipad_ipad_4_mini_light-250x140.jpg 250w, https:\/\/www.ipod.info.pl\/wp-content\/uploads\/2013\/08\/12_9_ipad_ipad_4_mini_light.jpg 1280w\" sizes=\"auto, (max-width: 790px) 100vw, 790px\" \/><\/a><\/p>\n","protected":false},"excerpt":{"rendered":"<p>Jaki\u015b czas temu pojawi\u0142y si\u0119 plotki o tym, \u017ce Apple pracuje nad prawie 13&#8243; iPadem dok\u0142adnie to nad 12,9&#8243; . Wczoraj\u00a0www.macrumors.com\u00a0pokaza\u0142 wizualizacj\u0119 takiego urz\u0105dzenia. Powy\u017cej mo\u017cecie zobaczy\u0107 jak wygl\u0105da w por\u00f3wnaniu do 13&#8243; MacBooka Air &#8211; czyli dok\u0142adnie takiego jakiego mam. W rozwini\u0119ciu wpisu za\u015b macie por\u00f3wnanie do obecnych iPad\u00f3w. By\u0142bym absolutnie zdziwiony je\u015bli taki [&hellip;]<\/p>\n","protected":false},"author":2,"featured_media":0,"comment_status":"open","ping_status":"open","sticky":false,"template":"","format":"standard","meta":{"footnotes":""},"categories":[55],"tags":[],"class_list":["post-20493","post","type-post","status-publish","format-standard","hentry","category-ipad1g"],"aioseo_notices":[],"aioseo_head":"\n\t\t<!-- All in One SEO 5.0.0.1 - aioseo.com -->\n\t<meta name=\"robots\" content=\"max-image-preview:large\" \/>\n\t<meta name=\"author\" content=\"norbi\"\/>\n\t<link rel=\"canonical\" href=\"https:\/\/www.ipod.info.pl\/index.php\/prawie-13-ipad-to-nie-bylby-ipad\/\" \/>\n\t<meta name=\"generator\" content=\"All in One SEO (AIOSEO) 5.0.0.1\" \/>\n\t\t<meta property=\"og:locale\" content=\"pl_PL\" \/>\n\t\t<meta property=\"og:site_name\" content=\"iPod.info.pl \u2014 iPod, iPad, iPhone, iBlog | iPod, iPad, iPhone, iPhone 3G, iPhone 3GS, iPhone 4, Apple TV\" \/>\n\t\t<meta property=\"og:type\" content=\"article\" \/>\n\t\t<meta property=\"og:title\" content=\"Prawie 13\u2033 iPad to nie by\u0142by iPad | iPod.info.pl \u2014 iPod, iPad, iPhone, iBlog\" \/>\n\t\t<meta property=\"og:url\" content=\"https:\/\/www.ipod.info.pl\/index.php\/prawie-13-ipad-to-nie-bylby-ipad\/\" \/>\n\t\t<meta property=\"article:published_time\" content=\"2013-08-10T07:20:29+00:00\" \/>\n\t\t<meta property=\"article:modified_time\" content=\"2013-08-10T07:20:29+00:00\" \/>\n\t\t<meta name=\"twitter:card\" content=\"summary_large_image\" \/>\n\t\t<meta name=\"twitter:title\" content=\"Prawie 13\u2033 iPad to nie by\u0142by iPad | iPod.info.pl \u2014 iPod, iPad, iPhone, iBlog\" \/>\n\t\t<script type=\"application\/ld+json\" class=\"aioseo-schema\">\n\t\t\t{\"@context\":\"https:\\\/\\\/schema.org\",\"@graph\":[{\"@type\":\"Article\",\"@id\":\"https:\\\/\\\/www.ipod.info.pl\\\/index.php\\\/prawie-13-ipad-to-nie-bylby-ipad\\\/#article\",\"name\":\"Prawie 13\\u2033 iPad to nie by\\u0142by iPad | iPod.info.pl \\u2014 iPod, iPad, iPhone, iBlog\",\"headline\":\"Prawie 13&#8243; iPad to nie by\\u0142by iPad\",\"author\":{\"@id\":\"https:\\\/\\\/www.ipod.info.pl\\\/index.php\\\/author\\\/norbi\\\/#author\"},\"publisher\":{\"@id\":\"https:\\\/\\\/www.ipod.info.pl\\\/#organization\"},\"image\":{\"@type\":\"ImageObject\",\"url\":\"https:\\\/\\\/www.ipod.info.pl\\\/wp-content\\\/uploads\\\/2013\\\/08\\\/12_9_ipad_macbook_air.jpg\",\"@id\":\"https:\\\/\\\/www.ipod.info.pl\\\/index.php\\\/prawie-13-ipad-to-nie-bylby-ipad\\\/#articleImage\",\"width\":1280,\"height\":720},\"datePublished\":\"2013-08-10T09:20:29+02:00\",\"dateModified\":\"2013-08-10T09:20:29+02:00\",\"inLanguage\":\"pl-PL\",\"commentCount\":40,\"mainEntityOfPage\":{\"@id\":\"https:\\\/\\\/www.ipod.info.pl\\\/index.php\\\/prawie-13-ipad-to-nie-bylby-ipad\\\/#webpage\"},\"isPartOf\":{\"@id\":\"https:\\\/\\\/www.ipod.info.pl\\\/index.php\\\/prawie-13-ipad-to-nie-bylby-ipad\\\/#webpage\"},\"articleSection\":\"iPad\"},{\"@type\":\"BreadcrumbList\",\"@id\":\"https:\\\/\\\/www.ipod.info.pl\\\/index.php\\\/prawie-13-ipad-to-nie-bylby-ipad\\\/#breadcrumblist\",\"itemListElement\":[{\"@type\":\"ListItem\",\"@id\":\"https:\\\/\\\/www.ipod.info.pl#listItem\",\"position\":1,\"name\":\"Dom\",\"item\":\"https:\\\/\\\/www.ipod.info.pl\",\"nextItem\":{\"@type\":\"ListItem\",\"@id\":\"https:\\\/\\\/www.ipod.info.pl\\\/index.php\\\/category\\\/ipad1g\\\/#listItem\",\"name\":\"iPad\"}},{\"@type\":\"ListItem\",\"@id\":\"https:\\\/\\\/www.ipod.info.pl\\\/index.php\\\/category\\\/ipad1g\\\/#listItem\",\"position\":2,\"name\":\"iPad\",\"item\":\"https:\\\/\\\/www.ipod.info.pl\\\/index.php\\\/category\\\/ipad1g\\\/\",\"nextItem\":{\"@type\":\"ListItem\",\"@id\":\"https:\\\/\\\/www.ipod.info.pl\\\/index.php\\\/prawie-13-ipad-to-nie-bylby-ipad\\\/#listItem\",\"name\":\"Prawie 13&#8243; iPad to nie by\\u0142by iPad\"},\"previousItem\":{\"@type\":\"ListItem\",\"@id\":\"https:\\\/\\\/www.ipod.info.pl#listItem\",\"name\":\"Dom\"}},{\"@type\":\"ListItem\",\"@id\":\"https:\\\/\\\/www.ipod.info.pl\\\/index.php\\\/prawie-13-ipad-to-nie-bylby-ipad\\\/#listItem\",\"position\":3,\"name\":\"Prawie 13&#8243; iPad to nie by\\u0142by iPad\",\"previousItem\":{\"@type\":\"ListItem\",\"@id\":\"https:\\\/\\\/www.ipod.info.pl\\\/index.php\\\/category\\\/ipad1g\\\/#listItem\",\"name\":\"iPad\"}}]},{\"@type\":\"Organization\",\"@id\":\"https:\\\/\\\/www.ipod.info.pl\\\/#organization\",\"name\":\"iPod.info.pl \\u2014 iPod, iPad, iPhone, iBlog\",\"description\":\"iPod, iPad, iPhone, iPhone 3G, iPhone 3GS, iPhone 4, Apple TV\",\"url\":\"https:\\\/\\\/www.ipod.info.pl\\\/\"},{\"@type\":\"Person\",\"@id\":\"https:\\\/\\\/www.ipod.info.pl\\\/index.php\\\/author\\\/norbi\\\/#author\",\"url\":\"https:\\\/\\\/www.ipod.info.pl\\\/index.php\\\/author\\\/norbi\\\/\",\"name\":\"norbi\"},{\"@type\":\"WebPage\",\"@id\":\"https:\\\/\\\/www.ipod.info.pl\\\/index.php\\\/prawie-13-ipad-to-nie-bylby-ipad\\\/#webpage\",\"url\":\"https:\\\/\\\/www.ipod.info.pl\\\/index.php\\\/prawie-13-ipad-to-nie-bylby-ipad\\\/\",\"name\":\"Prawie 13\\u2033 iPad to nie by\\u0142by iPad | iPod.info.pl \\u2014 iPod, iPad, iPhone, iBlog\",\"inLanguage\":\"pl-PL\",\"isPartOf\":{\"@id\":\"https:\\\/\\\/www.ipod.info.pl\\\/#website\"},\"breadcrumb\":{\"@id\":\"https:\\\/\\\/www.ipod.info.pl\\\/index.php\\\/prawie-13-ipad-to-nie-bylby-ipad\\\/#breadcrumblist\"},\"author\":{\"@id\":\"https:\\\/\\\/www.ipod.info.pl\\\/index.php\\\/author\\\/norbi\\\/#author\"},\"creator\":{\"@id\":\"https:\\\/\\\/www.ipod.info.pl\\\/index.php\\\/author\\\/norbi\\\/#author\"},\"datePublished\":\"2013-08-10T09:20:29+02:00\",\"dateModified\":\"2013-08-10T09:20:29+02:00\"},{\"@type\":\"WebSite\",\"@id\":\"https:\\\/\\\/www.ipod.info.pl\\\/#website\",\"url\":\"https:\\\/\\\/www.ipod.info.pl\\\/\",\"name\":\"iPod.info.pl \\u2014 iPod, iPad, iPhone, iBlog\",\"description\":\"iPod, iPad, iPhone, iPhone 3G, iPhone 3GS, iPhone 4, Apple TV\",\"inLanguage\":\"pl-PL\",\"publisher\":{\"@id\":\"https:\\\/\\\/www.ipod.info.pl\\\/#organization\"}}]}\n\t\t<\/script>\n\t\t<!-- All in One SEO -->\n\n","aioseo_head_json":{"title":"Prawie 13\u2033 iPad to nie by\u0142by iPad | iPod.info.pl \u2014 iPod, iPad, iPhone, iBlog","description":"","canonical_url":"https:\/\/www.ipod.info.pl\/index.php\/prawie-13-ipad-to-nie-bylby-ipad\/","robots":"max-image-preview:large","keywords":"","webmasterTools":{"miscellaneous":""},"schema":{"@context":"https:\/\/schema.org","@graph":[{"@type":"Article","@id":"https:\/\/www.ipod.info.pl\/index.php\/prawie-13-ipad-to-nie-bylby-ipad\/#article","name":"Prawie 13\u2033 iPad to nie by\u0142by iPad | iPod.info.pl \u2014 iPod, iPad, iPhone, iBlog","headline":"Prawie 13&#8243; iPad to nie by\u0142by iPad","author":{"@id":"https:\/\/www.ipod.info.pl\/index.php\/author\/norbi\/#author"},"publisher":{"@id":"https:\/\/www.ipod.info.pl\/#organization"},"image":{"@type":"ImageObject","url":"https:\/\/www.ipod.info.pl\/wp-content\/uploads\/2013\/08\/12_9_ipad_macbook_air.jpg","@id":"https:\/\/www.ipod.info.pl\/index.php\/prawie-13-ipad-to-nie-bylby-ipad\/#articleImage","width":1280,"height":720},"datePublished":"2013-08-10T09:20:29+02:00","dateModified":"2013-08-10T09:20:29+02:00","inLanguage":"pl-PL","commentCount":40,"mainEntityOfPage":{"@id":"https:\/\/www.ipod.info.pl\/index.php\/prawie-13-ipad-to-nie-bylby-ipad\/#webpage"},"isPartOf":{"@id":"https:\/\/www.ipod.info.pl\/index.php\/prawie-13-ipad-to-nie-bylby-ipad\/#webpage"},"articleSection":"iPad"},{"@type":"BreadcrumbList","@id":"https:\/\/www.ipod.info.pl\/index.php\/prawie-13-ipad-to-nie-bylby-ipad\/#breadcrumblist","itemListElement":[{"@type":"ListItem","@id":"https:\/\/www.ipod.info.pl#listItem","position":1,"name":"Dom","item":"https:\/\/www.ipod.info.pl","nextItem":{"@type":"ListItem","@id":"https:\/\/www.ipod.info.pl\/index.php\/category\/ipad1g\/#listItem","name":"iPad"}},{"@type":"ListItem","@id":"https:\/\/www.ipod.info.pl\/index.php\/category\/ipad1g\/#listItem","position":2,"name":"iPad","item":"https:\/\/www.ipod.info.pl\/index.php\/category\/ipad1g\/","nextItem":{"@type":"ListItem","@id":"https:\/\/www.ipod.info.pl\/index.php\/prawie-13-ipad-to-nie-bylby-ipad\/#listItem","name":"Prawie 13&#8243; iPad to nie by\u0142by iPad"},"previousItem":{"@type":"ListItem","@id":"https:\/\/www.ipod.info.pl#listItem","name":"Dom"}},{"@type":"ListItem","@id":"https:\/\/www.ipod.info.pl\/index.php\/prawie-13-ipad-to-nie-bylby-ipad\/#listItem","position":3,"name":"Prawie 13&#8243; iPad to nie by\u0142by iPad","previousItem":{"@type":"ListItem","@id":"https:\/\/www.ipod.info.pl\/index.php\/category\/ipad1g\/#listItem","name":"iPad"}}]},{"@type":"Organization","@id":"https:\/\/www.ipod.info.pl\/#organization","name":"iPod.info.pl \u2014 iPod, iPad, iPhone, iBlog","description":"iPod, iPad, iPhone, iPhone 3G, iPhone 3GS, iPhone 4, Apple TV","url":"https:\/\/www.ipod.info.pl\/"},{"@type":"Person","@id":"https:\/\/www.ipod.info.pl\/index.php\/author\/norbi\/#author","url":"https:\/\/www.ipod.info.pl\/index.php\/author\/norbi\/","name":"norbi"},{"@type":"WebPage","@id":"https:\/\/www.ipod.info.pl\/index.php\/prawie-13-ipad-to-nie-bylby-ipad\/#webpage","url":"https:\/\/www.ipod.info.pl\/index.php\/prawie-13-ipad-to-nie-bylby-ipad\/","name":"Prawie 13\u2033 iPad to nie by\u0142by iPad | iPod.info.pl \u2014 iPod, iPad, iPhone, iBlog","inLanguage":"pl-PL","isPartOf":{"@id":"https:\/\/www.ipod.info.pl\/#website"},"breadcrumb":{"@id":"https:\/\/www.ipod.info.pl\/index.php\/prawie-13-ipad-to-nie-bylby-ipad\/#breadcrumblist"},"author":{"@id":"https:\/\/www.ipod.info.pl\/index.php\/author\/norbi\/#author"},"creator":{"@id":"https:\/\/www.ipod.info.pl\/index.php\/author\/norbi\/#author"},"datePublished":"2013-08-10T09:20:29+02:00","dateModified":"2013-08-10T09:20:29+02:00"},{"@type":"WebSite","@id":"https:\/\/www.ipod.info.pl\/#website","url":"https:\/\/www.ipod.info.pl\/","name":"iPod.info.pl \u2014 iPod, iPad, iPhone, iBlog","description":"iPod, iPad, iPhone, iPhone 3G, iPhone 3GS, iPhone 4, Apple TV","inLanguage":"pl-PL","publisher":{"@id":"https:\/\/www.ipod.info.pl\/#organization"}}]},"og:locale":"pl_PL","og:site_name":"iPod.info.pl \u2014 iPod, iPad, iPhone, iBlog | iPod, iPad, iPhone, iPhone 3G, iPhone 3GS, iPhone 4, Apple TV","og:type":"article","og:title":"Prawie 13\u2033 iPad to nie by\u0142by iPad | iPod.info.pl \u2014 iPod, iPad, iPhone, iBlog","og:url":"https:\/\/www.ipod.info.pl\/index.php\/prawie-13-ipad-to-nie-bylby-ipad\/","article:published_time":"2013-08-10T07:20:29+00:00","article:modified_time":"2013-08-10T07:20:29+00:00","twitter:card":"summary_large_image","twitter:title":"Prawie 13\u2033 iPad to nie by\u0142by iPad | iPod.info.pl \u2014 iPod, iPad, iPhone, iBlog"},"aioseo_meta_data":{"post_id":"20493","title":null,"description":null,"keywords":null,"keyphrases":null,"primary_term":null,"canonical_url":null,"og_title":null,"og_description":null,"og_object_type":"default","og_image_type":"default","og_image_url":null,"og_image_width":null,"og_image_height":null,"og_image_custom_url":null,"og_image_custom_fields":null,"og_video":null,"og_custom_url":null,"og_article_section":null,"og_article_tags":null,"twitter_use_og":false,"twitter_card":"default","twitter_image_type":"default","twitter_image_url":null,"twitter_image_custom_url":null,"twitter_image_custom_fields":null,"twitter_title":null,"twitter_description":null,"schema":{"blockGraphs":[],"customGraphs":[],"default":{"data":{"Article":[],"Course":[],"Dataset":[],"FAQPage":[],"Movie":[],"Person":[],"Product":[],"ProductReview":[],"Car":[],"Recipe":[],"Service":[],"SoftwareApplication":[],"WebPage":[]},"graphName":"","isEnabled":true},"graphs":[]},"schema_type":"default","schema_type_options":null,"pillar_content":false,"robots_default":true,"robots_noindex":false,"robots_noarchive":false,"robots_nosnippet":false,"robots_nofollow":false,"robots_noimageindex":false,"robots_noodp":false,"robots_notranslate":false,"robots_max_snippet":null,"robots_max_videopreview":null,"robots_max_imagepreview":"large","priority":null,"frequency":null,"local_seo":null,"limit_modified_date":false,"created":"2024-07-03 13:06:16","updated":"2026-08-13 22:30:22","focus_keyword":null,"additional_keywords":null,"truseo_locale":null,"ai":null,"breadcrumb_settings":null,"seo_analyzer_scan_date":null},"aioseo_breadcrumb":"<div class=\"aioseo-breadcrumbs\"><span class=\"aioseo-breadcrumb\">\n\t\t\t<a href=\"https:\/\/www.ipod.info.pl\" title=\"Dom\">Dom<\/a>\n\t\t<\/span><span class=\"aioseo-breadcrumb-separator\">&raquo;<\/span><span class=\"aioseo-breadcrumb\">\n\t\t\t<a href=\"https:\/\/www.ipod.info.pl\/index.php\/category\/ipad1g\/\" title=\"iPad\">iPad<\/a>\n\t\t<\/span><span class=\"aioseo-breadcrumb-separator\">&raquo;<\/span><span class=\"aioseo-breadcrumb\">\n\t\t\tPrawie 13\u2033 iPad to nie by\u0142by iPad\n\t\t<\/span><\/div>","aioseo_breadcrumb_json":[{"label":"Dom","link":"https:\/\/www.ipod.info.pl"},{"label":"iPad","link":"https:\/\/www.ipod.info.pl\/index.php\/category\/ipad1g\/"},{"label":"Prawie 13&#8243; iPad to nie by\u0142by iPad","link":"https:\/\/www.ipod.info.pl\/index.php\/prawie-13-ipad-to-nie-bylby-ipad\/"}],"_links":{"self":[{"href":"https:\/\/www.ipod.info.pl\/index.php\/wp-json\/wp\/v2\/posts\/20493","targetHints":{"allow":["GET"]}}],"collection":[{"href":"https:\/\/www.ipod.info.pl\/index.php\/wp-json\/wp\/v2\/posts"}],"about":[{"href":"https:\/\/www.ipod.info.pl\/index.php\/wp-json\/wp\/v2\/types\/post"}],"author":[{"embeddable":true,"href":"https:\/\/www.ipod.info.pl\/index.php\/wp-json\/wp\/v2\/users\/2"}],"replies":[{"embeddable":true,"href":"https:\/\/www.ipod.info.pl\/index.php\/wp-json\/wp\/v2\/comments?post=20493"}],"version-history":[{"count":1,"href":"https:\/\/www.ipod.info.pl\/index.php\/wp-json\/wp\/v2\/posts\/20493\/revisions"}],"predecessor-version":[{"id":20496,"href":"https:\/\/www.ipod.info.pl\/index.php\/wp-json\/wp\/v2\/posts\/20493\/revisions\/20496"}],"wp:attachment":[{"href":"https:\/\/www.ipod.info.pl\/index.php\/wp-json\/wp\/v2\/media?parent=20493"}],"wp:term":[{"taxonomy":"category","embeddable":true,"href":"https:\/\/www.ipod.info.pl\/index.php\/wp-json\/wp\/v2\/categories?post=20493"},{"taxonomy":"post_tag","embeddable":true,"href":"https:\/\/www.ipod.info.pl\/index.php\/wp-json\/wp\/v2\/tags?post=20493"}],"curies":[{"name":"wp","href":"https:\/\/api.w.org\/{rel}","templated":true}]}}