{"id":20553,"date":"2013-08-19T21:34:55","date_gmt":"2013-08-19T19:34:55","guid":{"rendered":"http:\/\/www.ipod.info.pl\/?p=20553"},"modified":"2013-08-19T21:34:55","modified_gmt":"2013-08-19T19:34:55","slug":"to-jeszcze-raz-o-zlotym","status":"publish","type":"post","link":"https:\/\/www.ipod.info.pl\/index.php\/to-jeszcze-raz-o-zlotym\/","title":{"rendered":"To jeszcze raz o z\u0142otym"},"content":{"rendered":"<p style=\"text-align: justify;\"><a href=\"http:\/\/www.ipod.info.pl\/wp-content\/uploads\/2013\/08\/P8195899.jpg\"><img loading=\"lazy\" decoding=\"async\" class=\"aligncenter size-large wp-image-20554\" alt=\"P8195899\" src=\"http:\/\/www.ipod.info.pl\/wp-content\/uploads\/2013\/08\/P8195899-790x347.jpg\" width=\"790\" height=\"347\" srcset=\"https:\/\/www.ipod.info.pl\/wp-content\/uploads\/2013\/08\/P8195899-790x347.jpg 790w, https:\/\/www.ipod.info.pl\/wp-content\/uploads\/2013\/08\/P8195899-150x66.jpg 150w, https:\/\/www.ipod.info.pl\/wp-content\/uploads\/2013\/08\/P8195899-250x110.jpg 250w\" sizes=\"(max-width: 790px) 100vw, 790px\" \/><\/a>Skoro nie ma iOS 7 beta 7 to wr\u00f3\u0107my do z\u0142ota :). Od jakiego\u015b czasu mamy r\u00f3\u017cne przecieki na temat iPhone&#8217;a 5S w tym nowym kolorze. Ostatnio jest ich coraz wi\u0119cej i chyba faktycznie taki model si\u0119 pojawi. Nie podoba mi si\u0119 i nigdy bym go nie kupi\u0142. Nie rozumiem jednak oburzenia jakie mo\u017cna przeczyta\u0107 cho\u0107by u <a href=\"http:\/\/www.ipod.info.pl\/index.php\/kontynuujemy-skladanie-iphone-5siphone-6-9\/\" target=\"_blank\">mnie w komentarzach<\/a>. Standardowo, Apple si\u0119 ko\u0144czy, Steve by nie pozwoli\u0142 na z\u0142oty kolor, telefon dla Ruskich. Co\u015b w ten dese\u0144 i podobne.<br \/>\nTo ja tylko przypomn\u0119 dwa fakty. Na zdj\u0119ciu widzicie dwa &#8230; z\u0142ote iPody. Ten po lewej to iPod mini pierwszej generacji. Jest w z\u0142otym kolorze, a zaprezentowa\u0142 go <a href=\"http:\/\/www.ipod.info.pl\/index.php\/ipod-mini\/\">Steve Jobs w 2004 roku<\/a>. Ten po prawej to <a href=\"http:\/\/www.ipod.info.pl\/index.php\/ipod-shuffle-2g-avon-w-kolekcji\/\">iPod shuffle drugiej generacji<\/a>. Produkt zupe\u0142nie unikatowy dla Apple bo sygnowany nazw\u0105 producenta kosmetyk\u00f3w czyli Avon. By\u0142 dystrybuowany przez Avon ale mia\u0142 sw\u00f3j oddzielny PN w Apple i oddzieln\u0105 z\u0142ot\u0105 ikonk\u0119 w iTunes, co\u015b bezprecedensowego. Pojawi\u0142 si\u0119 w 2009 roku i wtedy r\u00f3wnie\u017c Steve Jobs by\u0142 przy sterach.<br \/>\nTeraz postaram si\u0119 odkry\u0107 Ameryk\u0119. Z\u0142oty iPhone 5S to b\u0119dzie produkt skierowany g\u0142\u00f3wnie do kobiet. Nie chc\u0105 one mie\u0107 czarnego bo jest czarny. Nie chc\u0105 mie\u0107 srebrnego bo jest nudny. Z\u0142oty b\u0119dzie idealny, z klasyczn\u0105 torebk\u0105 Louis Vuitton b\u0119dzie si\u0119 komponowa\u0142 znakomicie i jestem przekonany, \u017ce b\u0119dzie najcz\u0119\u015bciej wybieranym kolorem przez kobiety.<\/p>\n","protected":false},"excerpt":{"rendered":"<p>Skoro nie ma iOS 7 beta 7 to wr\u00f3\u0107my do z\u0142ota :). Od jakiego\u015b czasu mamy r\u00f3\u017cne przecieki na temat iPhone&#8217;a 5S w tym nowym kolorze. Ostatnio jest ich coraz wi\u0119cej i chyba faktycznie taki model si\u0119 pojawi. Nie podoba mi si\u0119 i nigdy bym go nie kupi\u0142. Nie rozumiem jednak oburzenia jakie mo\u017cna przeczyta\u0107 [&hellip;]<\/p>\n","protected":false},"author":2,"featured_media":0,"comment_status":"open","ping_status":"open","sticky":false,"template":"","format":"standard","meta":{"footnotes":""},"categories":[16,88,2,11,14],"tags":[],"aioseo_notices":[],"_links":{"self":[{"href":"https:\/\/www.ipod.info.pl\/index.php\/wp-json\/wp\/v2\/posts\/20553"}],"collection":[{"href":"https:\/\/www.ipod.info.pl\/index.php\/wp-json\/wp\/v2\/posts"}],"about":[{"href":"https:\/\/www.ipod.info.pl\/index.php\/wp-json\/wp\/v2\/types\/post"}],"author":[{"embeddable":true,"href":"https:\/\/www.ipod.info.pl\/index.php\/wp-json\/wp\/v2\/users\/2"}],"replies":[{"embeddable":true,"href":"https:\/\/www.ipod.info.pl\/index.php\/wp-json\/wp\/v2\/comments?post=20553"}],"version-history":[{"count":1,"href":"https:\/\/www.ipod.info.pl\/index.php\/wp-json\/wp\/v2\/posts\/20553\/revisions"}],"predecessor-version":[{"id":20557,"href":"https:\/\/www.ipod.info.pl\/index.php\/wp-json\/wp\/v2\/posts\/20553\/revisions\/20557"}],"wp:attachment":[{"href":"https:\/\/www.ipod.info.pl\/index.php\/wp-json\/wp\/v2\/media?parent=20553"}],"wp:term":[{"taxonomy":"category","embeddable":true,"href":"https:\/\/www.ipod.info.pl\/index.php\/wp-json\/wp\/v2\/categories?post=20553"},{"taxonomy":"post_tag","embeddable":true,"href":"https:\/\/www.ipod.info.pl\/index.php\/wp-json\/wp\/v2\/tags?post=20553"}],"curies":[{"name":"wp","href":"https:\/\/api.w.org\/{rel}","templated":true}]}}