{"id":20733,"date":"2013-09-11T15:30:15","date_gmt":"2013-09-11T13:30:15","guid":{"rendered":"http:\/\/www.ipod.info.pl\/?p=20733"},"modified":"2013-09-11T15:32:49","modified_gmt":"2013-09-11T13:32:49","slug":"ipody-w-kolorze-gwiezdnej-szarosci","status":"publish","type":"post","link":"https:\/\/www.ipod.info.pl\/index.php\/ipody-w-kolorze-gwiezdnej-szarosci\/","title":{"rendered":"iPody w kolorze gwiezdnej szaro\u015bci"},"content":{"rendered":"<p style=\"text-align: justify;\"><img loading=\"lazy\" decoding=\"async\" class=\"aligncenter size-large wp-image-20734\" alt=\"ipod gwiezdna szaro\u015b\u0107\" src=\"http:\/\/www.ipod.info.pl\/wp-content\/uploads\/2013\/09\/ipod-gwiezdna-szaro\u015b\u0107-790x390.jpg\" width=\"790\" height=\"390\" srcset=\"https:\/\/www.ipod.info.pl\/wp-content\/uploads\/2013\/09\/ipod-gwiezdna-szaro\u015b\u0107-790x390.jpg 790w, https:\/\/www.ipod.info.pl\/wp-content\/uploads\/2013\/09\/ipod-gwiezdna-szaro\u015b\u0107-150x74.jpg 150w, https:\/\/www.ipod.info.pl\/wp-content\/uploads\/2013\/09\/ipod-gwiezdna-szaro\u015b\u0107-250x123.jpg 250w, https:\/\/www.ipod.info.pl\/wp-content\/uploads\/2013\/09\/ipod-gwiezdna-szaro\u015b\u0107.jpg 791w\" sizes=\"(max-width: 790px) 100vw, 790px\" \/>Jednak wczoraj doczekali\u015bmy si\u0119 ma\u0142ej zmiany w ofercie iPodowej. iPod touch (z wyj\u0105tkiem wersji 16GB, kt\u00f3ra jest tylko w kolorze srebrnym), nano oraz shuffle dosta\u0142y nowy kolor. W j\u0119zyku angielskim ma on fajn\u0105 nazw\u0119 Space Gray, polskie t\u0142umaczenie troch\u0119 nie wysz\u0142o i mamy Gwiezdn\u0105 Szaro\u015b\u0107 &#8211; w sumie te\u017c \u0142adnie :). Modele w kolorze gwiezdnej szaro\u015bci zast\u0105pi\u0142y wcze\u015bniejsze kolory czarne. Jest to ten sam kolor, kt\u00f3ry zobaczymy na nowym iPhone 5S. Je\u015bli wi\u0119c chcecie kupi\u0107 iPhone&#8217;a w\u0142a\u015bnie w tym kolorze to na iPodach mo\u017cecie si\u0119 przekona\u0107 jak on wygl\u0105da w rzeczywisto\u015bci. Czas oczekiwania na gwiezdne iPody w sklepie <a href=\"http:\/\/store.apple.com\/pl\/buy-ipod\/ipod-nano\" target=\"_blank\">Apple Store Online<\/a> to 24 godziny, czyli w stacjonarnych sklepach powinien si\u0119 pojawi\u0107 wcze\u015bniej ni\u017c iPhone 5S.<\/p>\n","protected":false},"excerpt":{"rendered":"<p>Jednak wczoraj doczekali\u015bmy si\u0119 ma\u0142ej zmiany w ofercie iPodowej. iPod touch (z wyj\u0105tkiem wersji 16GB, kt\u00f3ra jest tylko w kolorze srebrnym), nano oraz shuffle dosta\u0142y nowy kolor. W j\u0119zyku angielskim ma on fajn\u0105 nazw\u0119 Space Gray, polskie t\u0142umaczenie troch\u0119 nie wysz\u0142o i mamy Gwiezdn\u0105 Szaro\u015b\u0107 &#8211; w sumie te\u017c \u0142adnie :). Modele w kolorze gwiezdnej [&hellip;]<\/p>\n","protected":false},"author":2,"featured_media":0,"comment_status":"open","ping_status":"open","sticky":false,"template":"","format":"standard","meta":{"footnotes":""},"categories":[2,76,67,77],"tags":[],"aioseo_notices":[],"_links":{"self":[{"href":"https:\/\/www.ipod.info.pl\/index.php\/wp-json\/wp\/v2\/posts\/20733"}],"collection":[{"href":"https:\/\/www.ipod.info.pl\/index.php\/wp-json\/wp\/v2\/posts"}],"about":[{"href":"https:\/\/www.ipod.info.pl\/index.php\/wp-json\/wp\/v2\/types\/post"}],"author":[{"embeddable":true,"href":"https:\/\/www.ipod.info.pl\/index.php\/wp-json\/wp\/v2\/users\/2"}],"replies":[{"embeddable":true,"href":"https:\/\/www.ipod.info.pl\/index.php\/wp-json\/wp\/v2\/comments?post=20733"}],"version-history":[{"count":2,"href":"https:\/\/www.ipod.info.pl\/index.php\/wp-json\/wp\/v2\/posts\/20733\/revisions"}],"predecessor-version":[{"id":20736,"href":"https:\/\/www.ipod.info.pl\/index.php\/wp-json\/wp\/v2\/posts\/20733\/revisions\/20736"}],"wp:attachment":[{"href":"https:\/\/www.ipod.info.pl\/index.php\/wp-json\/wp\/v2\/media?parent=20733"}],"wp:term":[{"taxonomy":"category","embeddable":true,"href":"https:\/\/www.ipod.info.pl\/index.php\/wp-json\/wp\/v2\/categories?post=20733"},{"taxonomy":"post_tag","embeddable":true,"href":"https:\/\/www.ipod.info.pl\/index.php\/wp-json\/wp\/v2\/tags?post=20733"}],"curies":[{"name":"wp","href":"https:\/\/api.w.org\/{rel}","templated":true}]}}