{"id":20745,"date":"2013-09-16T10:43:13","date_gmt":"2013-09-16T08:43:13","guid":{"rendered":"http:\/\/www.ipod.info.pl\/?p=20745"},"modified":"2013-09-16T10:46:23","modified_gmt":"2013-09-16T08:46:23","slug":"co-chcesz-wiedziec-o-ios-7","status":"publish","type":"post","link":"https:\/\/www.ipod.info.pl\/index.php\/co-chcesz-wiedziec-o-ios-7\/","title":{"rendered":"Co chcesz wiedzie\u0107 o iOS 7?"},"content":{"rendered":"<p><img loading=\"lazy\" decoding=\"async\" class=\"aligncenter size-large wp-image-20746\" alt=\"ios_7\" src=\"http:\/\/www.ipod.info.pl\/wp-content\/uploads\/2013\/09\/ios_7-790x371.png\" width=\"790\" height=\"371\" srcset=\"https:\/\/www.ipod.info.pl\/wp-content\/uploads\/2013\/09\/ios_7-790x371.png 790w, https:\/\/www.ipod.info.pl\/wp-content\/uploads\/2013\/09\/ios_7-150x70.png 150w, https:\/\/www.ipod.info.pl\/wp-content\/uploads\/2013\/09\/ios_7-250x117.png 250w, https:\/\/www.ipod.info.pl\/wp-content\/uploads\/2013\/09\/ios_7.png 800w\" sizes=\"(max-width: 790px) 100vw, 790px\" \/><\/p>\n<p style=\"text-align: justify;\">Ju\u017c za dwa dni pojawi si\u0119 iOS 7. Dost\u0119p do niego dostanie naprawd\u0119 spora grupa u\u017cytkownik\u00f3w iPad\u00f3w \u00a0(druga, trzecia, czwarta generacja oraz mini), iPhon\u00f3w (4, 4S, 5) oraz iPoda touch 5G. Wygl\u0105d i dzia\u0142anie systemu budzi wiele kontrowersji. Jestem przekonany, \u017ce wielu z Was czytelnicy nie podj\u0119\u0142o jeszcze decyzji o tym czy zainstaluj\u0105 nowy system czy mo\u017ce jeszcze jaki\u015b czas zostan\u0105 przy iOS 6. Tak informacyjnie &#8211; w ostatnim miesi\u0105cu 11% wej\u015b\u0107 z iOS na bloga by\u0142o z wersji 7.<br \/>\nJe\u015bli nadal si\u0119 wahacie, macie w\u0105tpliwo\u015bci czego\u015b ci\u0105gle nie wiecie &#8211; to prosz\u0119 pytajcie w komentarzach. Postaram si\u0119 odpowiedzie\u0107 na ka\u017cde rozs\u0105dne pytanie. Mam nadziej\u0119, \u017ce zbierze si\u0119 z tego fajny FAQ. Z uwagi na charakter wpisu i u\u017cycia komentarzy, b\u0119d\u0105 one mocniej moderowane.<\/p>\n","protected":false},"excerpt":{"rendered":"<p>Ju\u017c za dwa dni pojawi si\u0119 iOS 7. Dost\u0119p do niego dostanie naprawd\u0119 spora grupa u\u017cytkownik\u00f3w iPad\u00f3w \u00a0(druga, trzecia, czwarta generacja oraz mini), iPhon\u00f3w (4, 4S, 5) oraz iPoda touch 5G. Wygl\u0105d i dzia\u0142anie systemu budzi wiele kontrowersji. Jestem przekonany, \u017ce wielu z Was czytelnicy nie podj\u0119\u0142o jeszcze decyzji o tym czy zainstaluj\u0105 nowy system [&hellip;]<\/p>\n","protected":false},"author":2,"featured_media":0,"comment_status":"open","ping_status":"open","sticky":false,"template":"","format":"standard","meta":{"footnotes":""},"categories":[55,16,20],"tags":[],"aioseo_notices":[],"_links":{"self":[{"href":"https:\/\/www.ipod.info.pl\/index.php\/wp-json\/wp\/v2\/posts\/20745"}],"collection":[{"href":"https:\/\/www.ipod.info.pl\/index.php\/wp-json\/wp\/v2\/posts"}],"about":[{"href":"https:\/\/www.ipod.info.pl\/index.php\/wp-json\/wp\/v2\/types\/post"}],"author":[{"embeddable":true,"href":"https:\/\/www.ipod.info.pl\/index.php\/wp-json\/wp\/v2\/users\/2"}],"replies":[{"embeddable":true,"href":"https:\/\/www.ipod.info.pl\/index.php\/wp-json\/wp\/v2\/comments?post=20745"}],"version-history":[{"count":2,"href":"https:\/\/www.ipod.info.pl\/index.php\/wp-json\/wp\/v2\/posts\/20745\/revisions"}],"predecessor-version":[{"id":20748,"href":"https:\/\/www.ipod.info.pl\/index.php\/wp-json\/wp\/v2\/posts\/20745\/revisions\/20748"}],"wp:attachment":[{"href":"https:\/\/www.ipod.info.pl\/index.php\/wp-json\/wp\/v2\/media?parent=20745"}],"wp:term":[{"taxonomy":"category","embeddable":true,"href":"https:\/\/www.ipod.info.pl\/index.php\/wp-json\/wp\/v2\/categories?post=20745"},{"taxonomy":"post_tag","embeddable":true,"href":"https:\/\/www.ipod.info.pl\/index.php\/wp-json\/wp\/v2\/tags?post=20745"}],"curies":[{"name":"wp","href":"https:\/\/api.w.org\/{rel}","templated":true}]}}