{"id":20750,"date":"2013-09-18T08:47:54","date_gmt":"2013-09-18T06:47:54","guid":{"rendered":"http:\/\/www.ipod.info.pl\/?p=20750"},"modified":"2013-09-18T09:13:51","modified_gmt":"2013-09-18T07:13:51","slug":"icloud-juz-gotowe-na-ios-7","status":"publish","type":"post","link":"https:\/\/www.ipod.info.pl\/index.php\/icloud-juz-gotowe-na-ios-7\/","title":{"rendered":"iCloud ju\u017c gotowe na iOS 7"},"content":{"rendered":"<p style=\"text-align: justify;\"><img loading=\"lazy\" decoding=\"async\" class=\"aligncenter size-large wp-image-20751\" alt=\"iCloud ju\u017c gotowe na iOS 7\" src=\"http:\/\/www.ipod.info.pl\/wp-content\/uploads\/2013\/09\/Zrzut-ekranu-2013-09-18-o-08.40.53-790x409.png\" width=\"790\" height=\"409\" srcset=\"https:\/\/www.ipod.info.pl\/wp-content\/uploads\/2013\/09\/Zrzut-ekranu-2013-09-18-o-08.40.53-790x409.png 790w, https:\/\/www.ipod.info.pl\/wp-content\/uploads\/2013\/09\/Zrzut-ekranu-2013-09-18-o-08.40.53-150x77.png 150w, https:\/\/www.ipod.info.pl\/wp-content\/uploads\/2013\/09\/Zrzut-ekranu-2013-09-18-o-08.40.53-250x129.png 250w, https:\/\/www.ipod.info.pl\/wp-content\/uploads\/2013\/09\/Zrzut-ekranu-2013-09-18-o-08.40.53.png 1199w\" sizes=\"(max-width: 790px) 100vw, 790px\" \/>Dzi\u015b wieczorem, zapewne o godzinie 19 do wszystkich u\u017cytkownik\u00f3w iPad\u00f3w  (druga, trzecia, czwarta generacja oraz mini), iPhon\u00f3w (4, 4S, 5) oraz iPod\u00f3w touch 5G poleci aktualizacja do systemu iOS 7. Apple w ramach przygotowania zaktualizowa\u0142o tak\u017ce wygl\u0105d strony <a href=\"http:\/\/www.icloud.com\" target=\"_blank\">iCloud<\/a>. Sami przyznajcie, \u017ce stare ikonku (Pages, Numbers, Keynote) wygl\u0105daj\u0105 &#8230; staro.<\/p>\n<p><strong>PS. Pami\u0119tajcie, \u017ce jak ju\u017c zaktualizujecie system do iOS 7 to powr\u00f3t do iOS 6 b\u0119dzie raczej niemo\u017cliwy.<\/strong>n<\/p>\n<div>\n\t<div class='democracy'>\n\t\t<strong class=\"poll-question\">Czy aktualizujesz system do iOS7?<\/strong>\n\t\t<div class='dem-results'>\n\t\t<form action='https:\/\/www.ipod.info.pl\/wp-content\/plugins\/democracy\/democracy.php' onsubmit='return dem_Vote(this)'>\n\t\t<ul>\n\t\t\t<li>\n\t\t\t\t\t<input type='radio' id='dem-choice-322' value='322' name='dem_poll_48' \/>\n\t\t\t\t\t<label for='dem-choice-322'>Tak<\/label>\n\t\t\t<\/li>\n\t\t\t<li>\n\t\t\t\t\t<input type='radio' id='dem-choice-323' value='323' name='dem_poll_48' \/>\n\t\t\t\t\t<label for='dem-choice-323'>Nie<\/label>\n\t\t\t<\/li>\n\t\t\t<li>\n\t\t\t\t\t<input type='radio' id='dem-choice-324' value='324' name='dem_poll_48' \/>\n\t\t\t\t\t<label for='dem-choice-324'>Tak ale jak b\u0119dzie Jailbreak<\/label>\n\t\t\t<\/li>\n\t\t<\/ul>\n\t\t\t<input type='hidden' name='dem_poll_id' value='48' \/>\n\t\t\t<input type='hidden' name='dem_action' value='vote' \/>\n\t\t\t<input type='submit' class='dem-vote-button' value='Vote' \/>\n\t\t\t<a href='\/index.php\/wp-json\/wp\/v2\/posts\/20750?dem_action=view&amp;dem_poll_id=48' onclick='return dem_getVotes(\"https:\/\/www.ipod.info.pl\/wp-content\/plugins\/democracy\/democracy.php?dem_action=view&amp;dem_poll_id=48\", this)' rel='nofollow' class='dem-vote-link'>View Results<\/a>\n\t\t<\/form>\n\t\t<\/div>\n\t<\/div><\/div><\/p>\n","protected":false},"excerpt":{"rendered":"<p>Dzi\u015b wieczorem, zapewne o godzinie 19 do wszystkich u\u017cytkownik\u00f3w iPad\u00f3w (druga, trzecia, czwarta generacja oraz mini), iPhon\u00f3w (4, 4S, 5) oraz iPod\u00f3w touch 5G poleci aktualizacja do systemu iOS 7. Apple w ramach przygotowania zaktualizowa\u0142o tak\u017ce wygl\u0105d strony iCloud. Sami przyznajcie, \u017ce stare ikonku (Pages, Numbers, Keynote) wygl\u0105daj\u0105 &#8230; staro. PS. Pami\u0119tajcie, \u017ce jak ju\u017c [&hellip;]<\/p>\n","protected":false},"author":2,"featured_media":0,"comment_status":"open","ping_status":"open","sticky":false,"template":"","format":"standard","meta":{"footnotes":""},"categories":[55,16,20],"tags":[],"aioseo_notices":[],"_links":{"self":[{"href":"https:\/\/www.ipod.info.pl\/index.php\/wp-json\/wp\/v2\/posts\/20750"}],"collection":[{"href":"https:\/\/www.ipod.info.pl\/index.php\/wp-json\/wp\/v2\/posts"}],"about":[{"href":"https:\/\/www.ipod.info.pl\/index.php\/wp-json\/wp\/v2\/types\/post"}],"author":[{"embeddable":true,"href":"https:\/\/www.ipod.info.pl\/index.php\/wp-json\/wp\/v2\/users\/2"}],"replies":[{"embeddable":true,"href":"https:\/\/www.ipod.info.pl\/index.php\/wp-json\/wp\/v2\/comments?post=20750"}],"version-history":[{"count":4,"href":"https:\/\/www.ipod.info.pl\/index.php\/wp-json\/wp\/v2\/posts\/20750\/revisions"}],"predecessor-version":[{"id":20756,"href":"https:\/\/www.ipod.info.pl\/index.php\/wp-json\/wp\/v2\/posts\/20750\/revisions\/20756"}],"wp:attachment":[{"href":"https:\/\/www.ipod.info.pl\/index.php\/wp-json\/wp\/v2\/media?parent=20750"}],"wp:term":[{"taxonomy":"category","embeddable":true,"href":"https:\/\/www.ipod.info.pl\/index.php\/wp-json\/wp\/v2\/categories?post=20750"},{"taxonomy":"post_tag","embeddable":true,"href":"https:\/\/www.ipod.info.pl\/index.php\/wp-json\/wp\/v2\/tags?post=20750"}],"curies":[{"name":"wp","href":"https:\/\/api.w.org\/{rel}","templated":true}]}}