{"id":20869,"date":"2013-10-09T15:07:41","date_gmt":"2013-10-09T13:07:41","guid":{"rendered":"http:\/\/www.ipod.info.pl\/?p=20869"},"modified":"2013-10-09T15:07:41","modified_gmt":"2013-10-09T13:07:41","slug":"oficjalnie-iphone-5s-i-5c-w-polsce-od-25-pazdziernika","status":"publish","type":"post","link":"https:\/\/www.ipod.info.pl\/index.php\/oficjalnie-iphone-5s-i-5c-w-polsce-od-25-pazdziernika\/","title":{"rendered":"Oficjalnie &#8211; iPhone 5s i 5c w Polsce od 25 pa\u017adziernika"},"content":{"rendered":"<p style=\"text-align: justify;\">To jest bardzo dobra informacja &#8211; by\u0142em pewien, \u017ce iPhone 5s i 5c b\u0119d\u0105 w tym miesi\u0105cu w Polsce i okazuje si\u0119, \u017ce tak jest:<\/p>\n<p style=\"text-align: justify;\"><em><a href=\"http:\/\/imagazine.pl\/2013\/10\/09\/iphone-5s-i-5c-w-polsce-25-pazdziernika\/\" target=\"_blank\">Podsumowuj\u0105c: 5s i 5c b\u0119d\u0105 dost\u0119pne w Polsce 25 pa\u017adziernika<\/a><\/em><\/p>\n<p style=\"text-align: justify;\">Teraz czekamy tylko na oficjalne ceny.<\/p>\n","protected":false},"excerpt":{"rendered":"<p>To jest bardzo dobra informacja &#8211; by\u0142em pewien, \u017ce iPhone 5s i 5c b\u0119d\u0105 w tym miesi\u0105cu w Polsce i okazuje si\u0119, \u017ce tak jest: Podsumowuj\u0105c: 5s i 5c b\u0119d\u0105 dost\u0119pne w Polsce 25 pa\u017adziernika Teraz czekamy tylko na oficjalne ceny.<\/p>\n","protected":false},"author":2,"featured_media":0,"comment_status":"open","ping_status":"open","sticky":false,"template":"","format":"standard","meta":{"footnotes":""},"categories":[94,88],"tags":[],"class_list":["post-20869","post","type-post","status-publish","format-standard","hentry","category-iphone-5c","category-iphone-5s-7g"],"aioseo_notices":[],"aioseo_head":"\n\t\t<!-- All in One SEO 5.0.0.1 - aioseo.com -->\n\t<meta name=\"robots\" content=\"max-image-preview:large\" \/>\n\t<meta name=\"author\" content=\"norbi\"\/>\n\t<link rel=\"canonical\" href=\"https:\/\/www.ipod.info.pl\/index.php\/oficjalnie-iphone-5s-i-5c-w-polsce-od-25-pazdziernika\/\" \/>\n\t<meta name=\"generator\" content=\"All in One SEO (AIOSEO) 5.0.0.1\" \/>\n\t\t<meta property=\"og:locale\" content=\"pl_PL\" \/>\n\t\t<meta property=\"og:site_name\" content=\"iPod.info.pl \u2014 iPod, iPad, iPhone, iBlog | iPod, iPad, iPhone, iPhone 3G, iPhone 3GS, iPhone 4, Apple TV\" \/>\n\t\t<meta property=\"og:type\" content=\"article\" \/>\n\t\t<meta property=\"og:title\" content=\"Oficjalnie \u2013 iPhone 5s i 5c w Polsce od 25 pa\u017adziernika | iPod.info.pl \u2014 iPod, iPad, iPhone, iBlog\" \/>\n\t\t<meta property=\"og:url\" content=\"https:\/\/www.ipod.info.pl\/index.php\/oficjalnie-iphone-5s-i-5c-w-polsce-od-25-pazdziernika\/\" \/>\n\t\t<meta property=\"article:published_time\" content=\"2013-10-09T13:07:41+00:00\" \/>\n\t\t<meta property=\"article:modified_time\" content=\"2013-10-09T13:07:41+00:00\" \/>\n\t\t<meta name=\"twitter:card\" content=\"summary_large_image\" \/>\n\t\t<meta name=\"twitter:title\" content=\"Oficjalnie \u2013 iPhone 5s i 5c w Polsce od 25 pa\u017adziernika | iPod.info.pl \u2014 iPod, iPad, iPhone, iBlog\" \/>\n\t\t<script type=\"application\/ld+json\" class=\"aioseo-schema\">\n\t\t\t{\"@context\":\"https:\\\/\\\/schema.org\",\"@graph\":[{\"@type\":\"Article\",\"@id\":\"https:\\\/\\\/www.ipod.info.pl\\\/index.php\\\/oficjalnie-iphone-5s-i-5c-w-polsce-od-25-pazdziernika\\\/#article\",\"name\":\"Oficjalnie \\u2013 iPhone 5s i 5c w Polsce od 25 pa\\u017adziernika | iPod.info.pl \\u2014 iPod, iPad, iPhone, iBlog\",\"headline\":\"Oficjalnie &#8211; iPhone 5s i 5c w Polsce od 25 pa\\u017adziernika\",\"author\":{\"@id\":\"https:\\\/\\\/www.ipod.info.pl\\\/index.php\\\/author\\\/norbi\\\/#author\"},\"publisher\":{\"@id\":\"https:\\\/\\\/www.ipod.info.pl\\\/#organization\"},\"datePublished\":\"2013-10-09T15:07:41+02:00\",\"dateModified\":\"2013-10-09T15:07:41+02:00\",\"inLanguage\":\"pl-PL\",\"commentCount\":32,\"mainEntityOfPage\":{\"@id\":\"https:\\\/\\\/www.ipod.info.pl\\\/index.php\\\/oficjalnie-iphone-5s-i-5c-w-polsce-od-25-pazdziernika\\\/#webpage\"},\"isPartOf\":{\"@id\":\"https:\\\/\\\/www.ipod.info.pl\\\/index.php\\\/oficjalnie-iphone-5s-i-5c-w-polsce-od-25-pazdziernika\\\/#webpage\"},\"articleSection\":\"iPhone 5C, iPhone 5S (7G)\"},{\"@type\":\"BreadcrumbList\",\"@id\":\"https:\\\/\\\/www.ipod.info.pl\\\/index.php\\\/oficjalnie-iphone-5s-i-5c-w-polsce-od-25-pazdziernika\\\/#breadcrumblist\",\"itemListElement\":[{\"@type\":\"ListItem\",\"@id\":\"https:\\\/\\\/www.ipod.info.pl#listItem\",\"position\":1,\"name\":\"Dom\",\"item\":\"https:\\\/\\\/www.ipod.info.pl\",\"nextItem\":{\"@type\":\"ListItem\",\"@id\":\"https:\\\/\\\/www.ipod.info.pl\\\/index.php\\\/category\\\/iphone-5s-7g\\\/#listItem\",\"name\":\"iPhone 5S (7G)\"}},{\"@type\":\"ListItem\",\"@id\":\"https:\\\/\\\/www.ipod.info.pl\\\/index.php\\\/category\\\/iphone-5s-7g\\\/#listItem\",\"position\":2,\"name\":\"iPhone 5S (7G)\",\"item\":\"https:\\\/\\\/www.ipod.info.pl\\\/index.php\\\/category\\\/iphone-5s-7g\\\/\",\"nextItem\":{\"@type\":\"ListItem\",\"@id\":\"https:\\\/\\\/www.ipod.info.pl\\\/index.php\\\/oficjalnie-iphone-5s-i-5c-w-polsce-od-25-pazdziernika\\\/#listItem\",\"name\":\"Oficjalnie &#8211; iPhone 5s i 5c w Polsce od 25 pa\\u017adziernika\"},\"previousItem\":{\"@type\":\"ListItem\",\"@id\":\"https:\\\/\\\/www.ipod.info.pl#listItem\",\"name\":\"Dom\"}},{\"@type\":\"ListItem\",\"@id\":\"https:\\\/\\\/www.ipod.info.pl\\\/index.php\\\/oficjalnie-iphone-5s-i-5c-w-polsce-od-25-pazdziernika\\\/#listItem\",\"position\":3,\"name\":\"Oficjalnie &#8211; iPhone 5s i 5c w Polsce od 25 pa\\u017adziernika\",\"previousItem\":{\"@type\":\"ListItem\",\"@id\":\"https:\\\/\\\/www.ipod.info.pl\\\/index.php\\\/category\\\/iphone-5s-7g\\\/#listItem\",\"name\":\"iPhone 5S (7G)\"}}]},{\"@type\":\"Organization\",\"@id\":\"https:\\\/\\\/www.ipod.info.pl\\\/#organization\",\"name\":\"iPod.info.pl \\u2014 iPod, iPad, iPhone, iBlog\",\"description\":\"iPod, iPad, iPhone, iPhone 3G, iPhone 3GS, iPhone 4, Apple TV\",\"url\":\"https:\\\/\\\/www.ipod.info.pl\\\/\"},{\"@type\":\"Person\",\"@id\":\"https:\\\/\\\/www.ipod.info.pl\\\/index.php\\\/author\\\/norbi\\\/#author\",\"url\":\"https:\\\/\\\/www.ipod.info.pl\\\/index.php\\\/author\\\/norbi\\\/\",\"name\":\"norbi\"},{\"@type\":\"WebPage\",\"@id\":\"https:\\\/\\\/www.ipod.info.pl\\\/index.php\\\/oficjalnie-iphone-5s-i-5c-w-polsce-od-25-pazdziernika\\\/#webpage\",\"url\":\"https:\\\/\\\/www.ipod.info.pl\\\/index.php\\\/oficjalnie-iphone-5s-i-5c-w-polsce-od-25-pazdziernika\\\/\",\"name\":\"Oficjalnie \\u2013 iPhone 5s i 5c w Polsce od 25 pa\\u017adziernika | iPod.info.pl \\u2014 iPod, iPad, iPhone, iBlog\",\"inLanguage\":\"pl-PL\",\"isPartOf\":{\"@id\":\"https:\\\/\\\/www.ipod.info.pl\\\/#website\"},\"breadcrumb\":{\"@id\":\"https:\\\/\\\/www.ipod.info.pl\\\/index.php\\\/oficjalnie-iphone-5s-i-5c-w-polsce-od-25-pazdziernika\\\/#breadcrumblist\"},\"author\":{\"@id\":\"https:\\\/\\\/www.ipod.info.pl\\\/index.php\\\/author\\\/norbi\\\/#author\"},\"creator\":{\"@id\":\"https:\\\/\\\/www.ipod.info.pl\\\/index.php\\\/author\\\/norbi\\\/#author\"},\"datePublished\":\"2013-10-09T15:07:41+02:00\",\"dateModified\":\"2013-10-09T15:07:41+02:00\"},{\"@type\":\"WebSite\",\"@id\":\"https:\\\/\\\/www.ipod.info.pl\\\/#website\",\"url\":\"https:\\\/\\\/www.ipod.info.pl\\\/\",\"name\":\"iPod.info.pl \\u2014 iPod, iPad, iPhone, iBlog\",\"description\":\"iPod, iPad, iPhone, iPhone 3G, iPhone 3GS, iPhone 4, Apple TV\",\"inLanguage\":\"pl-PL\",\"publisher\":{\"@id\":\"https:\\\/\\\/www.ipod.info.pl\\\/#organization\"}}]}\n\t\t<\/script>\n\t\t<!-- All in One SEO -->\n\n","aioseo_head_json":{"title":"Oficjalnie \u2013 iPhone 5s i 5c w Polsce od 25 pa\u017adziernika | iPod.info.pl \u2014 iPod, iPad, iPhone, iBlog","description":"","canonical_url":"https:\/\/www.ipod.info.pl\/index.php\/oficjalnie-iphone-5s-i-5c-w-polsce-od-25-pazdziernika\/","robots":"max-image-preview:large","keywords":"","webmasterTools":{"miscellaneous":""},"schema":{"@context":"https:\/\/schema.org","@graph":[{"@type":"Article","@id":"https:\/\/www.ipod.info.pl\/index.php\/oficjalnie-iphone-5s-i-5c-w-polsce-od-25-pazdziernika\/#article","name":"Oficjalnie \u2013 iPhone 5s i 5c w Polsce od 25 pa\u017adziernika | iPod.info.pl \u2014 iPod, iPad, iPhone, iBlog","headline":"Oficjalnie &#8211; iPhone 5s i 5c w Polsce od 25 pa\u017adziernika","author":{"@id":"https:\/\/www.ipod.info.pl\/index.php\/author\/norbi\/#author"},"publisher":{"@id":"https:\/\/www.ipod.info.pl\/#organization"},"datePublished":"2013-10-09T15:07:41+02:00","dateModified":"2013-10-09T15:07:41+02:00","inLanguage":"pl-PL","commentCount":32,"mainEntityOfPage":{"@id":"https:\/\/www.ipod.info.pl\/index.php\/oficjalnie-iphone-5s-i-5c-w-polsce-od-25-pazdziernika\/#webpage"},"isPartOf":{"@id":"https:\/\/www.ipod.info.pl\/index.php\/oficjalnie-iphone-5s-i-5c-w-polsce-od-25-pazdziernika\/#webpage"},"articleSection":"iPhone 5C, iPhone 5S (7G)"},{"@type":"BreadcrumbList","@id":"https:\/\/www.ipod.info.pl\/index.php\/oficjalnie-iphone-5s-i-5c-w-polsce-od-25-pazdziernika\/#breadcrumblist","itemListElement":[{"@type":"ListItem","@id":"https:\/\/www.ipod.info.pl#listItem","position":1,"name":"Dom","item":"https:\/\/www.ipod.info.pl","nextItem":{"@type":"ListItem","@id":"https:\/\/www.ipod.info.pl\/index.php\/category\/iphone-5s-7g\/#listItem","name":"iPhone 5S (7G)"}},{"@type":"ListItem","@id":"https:\/\/www.ipod.info.pl\/index.php\/category\/iphone-5s-7g\/#listItem","position":2,"name":"iPhone 5S (7G)","item":"https:\/\/www.ipod.info.pl\/index.php\/category\/iphone-5s-7g\/","nextItem":{"@type":"ListItem","@id":"https:\/\/www.ipod.info.pl\/index.php\/oficjalnie-iphone-5s-i-5c-w-polsce-od-25-pazdziernika\/#listItem","name":"Oficjalnie &#8211; iPhone 5s i 5c w Polsce od 25 pa\u017adziernika"},"previousItem":{"@type":"ListItem","@id":"https:\/\/www.ipod.info.pl#listItem","name":"Dom"}},{"@type":"ListItem","@id":"https:\/\/www.ipod.info.pl\/index.php\/oficjalnie-iphone-5s-i-5c-w-polsce-od-25-pazdziernika\/#listItem","position":3,"name":"Oficjalnie &#8211; iPhone 5s i 5c w Polsce od 25 pa\u017adziernika","previousItem":{"@type":"ListItem","@id":"https:\/\/www.ipod.info.pl\/index.php\/category\/iphone-5s-7g\/#listItem","name":"iPhone 5S (7G)"}}]},{"@type":"Organization","@id":"https:\/\/www.ipod.info.pl\/#organization","name":"iPod.info.pl \u2014 iPod, iPad, iPhone, iBlog","description":"iPod, iPad, iPhone, iPhone 3G, iPhone 3GS, iPhone 4, Apple TV","url":"https:\/\/www.ipod.info.pl\/"},{"@type":"Person","@id":"https:\/\/www.ipod.info.pl\/index.php\/author\/norbi\/#author","url":"https:\/\/www.ipod.info.pl\/index.php\/author\/norbi\/","name":"norbi"},{"@type":"WebPage","@id":"https:\/\/www.ipod.info.pl\/index.php\/oficjalnie-iphone-5s-i-5c-w-polsce-od-25-pazdziernika\/#webpage","url":"https:\/\/www.ipod.info.pl\/index.php\/oficjalnie-iphone-5s-i-5c-w-polsce-od-25-pazdziernika\/","name":"Oficjalnie \u2013 iPhone 5s i 5c w Polsce od 25 pa\u017adziernika | iPod.info.pl \u2014 iPod, iPad, iPhone, iBlog","inLanguage":"pl-PL","isPartOf":{"@id":"https:\/\/www.ipod.info.pl\/#website"},"breadcrumb":{"@id":"https:\/\/www.ipod.info.pl\/index.php\/oficjalnie-iphone-5s-i-5c-w-polsce-od-25-pazdziernika\/#breadcrumblist"},"author":{"@id":"https:\/\/www.ipod.info.pl\/index.php\/author\/norbi\/#author"},"creator":{"@id":"https:\/\/www.ipod.info.pl\/index.php\/author\/norbi\/#author"},"datePublished":"2013-10-09T15:07:41+02:00","dateModified":"2013-10-09T15:07:41+02:00"},{"@type":"WebSite","@id":"https:\/\/www.ipod.info.pl\/#website","url":"https:\/\/www.ipod.info.pl\/","name":"iPod.info.pl \u2014 iPod, iPad, iPhone, iBlog","description":"iPod, iPad, iPhone, iPhone 3G, iPhone 3GS, iPhone 4, Apple TV","inLanguage":"pl-PL","publisher":{"@id":"https:\/\/www.ipod.info.pl\/#organization"}}]},"og:locale":"pl_PL","og:site_name":"iPod.info.pl \u2014 iPod, iPad, iPhone, iBlog | iPod, iPad, iPhone, iPhone 3G, iPhone 3GS, iPhone 4, Apple TV","og:type":"article","og:title":"Oficjalnie \u2013 iPhone 5s i 5c w Polsce od 25 pa\u017adziernika | iPod.info.pl \u2014 iPod, iPad, iPhone, iBlog","og:url":"https:\/\/www.ipod.info.pl\/index.php\/oficjalnie-iphone-5s-i-5c-w-polsce-od-25-pazdziernika\/","article:published_time":"2013-10-09T13:07:41+00:00","article:modified_time":"2013-10-09T13:07:41+00:00","twitter:card":"summary_large_image","twitter:title":"Oficjalnie \u2013 iPhone 5s i 5c w Polsce od 25 pa\u017adziernika | iPod.info.pl \u2014 iPod, iPad, iPhone, iBlog"},"aioseo_meta_data":{"post_id":"20869","title":null,"description":null,"keywords":null,"keyphrases":null,"primary_term":null,"canonical_url":null,"og_title":null,"og_description":null,"og_object_type":"default","og_image_type":"default","og_image_url":null,"og_image_width":null,"og_image_height":null,"og_image_custom_url":null,"og_image_custom_fields":null,"og_video":null,"og_custom_url":null,"og_article_section":null,"og_article_tags":null,"twitter_use_og":false,"twitter_card":"default","twitter_image_type":"default","twitter_image_url":null,"twitter_image_custom_url":null,"twitter_image_custom_fields":null,"twitter_title":null,"twitter_description":null,"schema":{"blockGraphs":[],"customGraphs":[],"default":{"data":{"Article":[],"Course":[],"Dataset":[],"FAQPage":[],"Movie":[],"Person":[],"Product":[],"ProductReview":[],"Car":[],"Recipe":[],"Service":[],"SoftwareApplication":[],"WebPage":[]},"graphName":"","isEnabled":true},"graphs":[]},"schema_type":"default","schema_type_options":null,"pillar_content":false,"robots_default":true,"robots_noindex":false,"robots_noarchive":false,"robots_nosnippet":false,"robots_nofollow":false,"robots_noimageindex":false,"robots_noodp":false,"robots_notranslate":false,"robots_max_snippet":null,"robots_max_videopreview":null,"robots_max_imagepreview":"large","priority":null,"frequency":null,"local_seo":null,"limit_modified_date":false,"created":"2024-07-03 13:03:53","updated":"2026-08-13 22:42:32","focus_keyword":null,"additional_keywords":null,"truseo_locale":null,"ai":null,"breadcrumb_settings":null,"seo_analyzer_scan_date":null},"aioseo_breadcrumb":"<div class=\"aioseo-breadcrumbs\"><span class=\"aioseo-breadcrumb\">\n\t\t\t<a href=\"https:\/\/www.ipod.info.pl\" title=\"Dom\">Dom<\/a>\n\t\t<\/span><span class=\"aioseo-breadcrumb-separator\">&raquo;<\/span><span class=\"aioseo-breadcrumb\">\n\t\t\t<a href=\"https:\/\/www.ipod.info.pl\/index.php\/category\/iphone-5s-7g\/\" title=\"iPhone 5S (7G)\">iPhone 5S (7G)<\/a>\n\t\t<\/span><span class=\"aioseo-breadcrumb-separator\">&raquo;<\/span><span class=\"aioseo-breadcrumb\">\n\t\t\tOficjalnie \u2013 iPhone 5s i 5c w Polsce od 25 pa\u017adziernika\n\t\t<\/span><\/div>","aioseo_breadcrumb_json":[{"label":"Dom","link":"https:\/\/www.ipod.info.pl"},{"label":"iPhone 5S (7G)","link":"https:\/\/www.ipod.info.pl\/index.php\/category\/iphone-5s-7g\/"},{"label":"Oficjalnie &#8211; iPhone 5s i 5c w Polsce od 25 pa\u017adziernika","link":"https:\/\/www.ipod.info.pl\/index.php\/oficjalnie-iphone-5s-i-5c-w-polsce-od-25-pazdziernika\/"}],"_links":{"self":[{"href":"https:\/\/www.ipod.info.pl\/index.php\/wp-json\/wp\/v2\/posts\/20869","targetHints":{"allow":["GET"]}}],"collection":[{"href":"https:\/\/www.ipod.info.pl\/index.php\/wp-json\/wp\/v2\/posts"}],"about":[{"href":"https:\/\/www.ipod.info.pl\/index.php\/wp-json\/wp\/v2\/types\/post"}],"author":[{"embeddable":true,"href":"https:\/\/www.ipod.info.pl\/index.php\/wp-json\/wp\/v2\/users\/2"}],"replies":[{"embeddable":true,"href":"https:\/\/www.ipod.info.pl\/index.php\/wp-json\/wp\/v2\/comments?post=20869"}],"version-history":[{"count":1,"href":"https:\/\/www.ipod.info.pl\/index.php\/wp-json\/wp\/v2\/posts\/20869\/revisions"}],"predecessor-version":[{"id":20870,"href":"https:\/\/www.ipod.info.pl\/index.php\/wp-json\/wp\/v2\/posts\/20869\/revisions\/20870"}],"wp:attachment":[{"href":"https:\/\/www.ipod.info.pl\/index.php\/wp-json\/wp\/v2\/media?parent=20869"}],"wp:term":[{"taxonomy":"category","embeddable":true,"href":"https:\/\/www.ipod.info.pl\/index.php\/wp-json\/wp\/v2\/categories?post=20869"},{"taxonomy":"post_tag","embeddable":true,"href":"https:\/\/www.ipod.info.pl\/index.php\/wp-json\/wp\/v2\/tags?post=20869"}],"curies":[{"name":"wp","href":"https:\/\/api.w.org\/{rel}","templated":true}]}}