{"id":21276,"date":"2014-01-08T23:44:30","date_gmt":"2014-01-08T21:44:30","guid":{"rendered":"http:\/\/www.ipod.info.pl\/?p=21276"},"modified":"2014-01-08T23:44:45","modified_gmt":"2014-01-08T21:44:45","slug":"zaczynamy-skladanie-iphone-6","status":"publish","type":"post","link":"https:\/\/www.ipod.info.pl\/index.php\/zaczynamy-skladanie-iphone-6\/","title":{"rendered":"Zaczynamy sk\u0142adanie iPhone 6? :)"},"content":{"rendered":"<p style=\"text-align: justify;\"><img loading=\"lazy\" decoding=\"async\" class=\"aligncenter size-large wp-image-21277\" alt=\"Zaczynamy sk\u0142ada\u0107 iPhone 6\" src=\"http:\/\/www.ipod.info.pl\/wp-content\/uploads\/2014\/01\/Zaczynamy-sk\u0142ada\u0107-iPhone-6-790x508.png\" width=\"790\" height=\"508\" srcset=\"https:\/\/www.ipod.info.pl\/wp-content\/uploads\/2014\/01\/Zaczynamy-sk\u0142ada\u0107-iPhone-6-790x508.png 790w, https:\/\/www.ipod.info.pl\/wp-content\/uploads\/2014\/01\/Zaczynamy-sk\u0142ada\u0107-iPhone-6-150x96.png 150w, https:\/\/www.ipod.info.pl\/wp-content\/uploads\/2014\/01\/Zaczynamy-sk\u0142ada\u0107-iPhone-6-250x160.png 250w, https:\/\/www.ipod.info.pl\/wp-content\/uploads\/2014\/01\/Zaczynamy-sk\u0142ada\u0107-iPhone-6.png 1268w\" sizes=\"(max-width: 790px) 100vw, 790px\" \/>Wyj\u0105tkowo wcze\u015bnie w tym roku zaczynamy sk\u0142adanie iPhone&#8217;a 6 :)<br \/>\nDzisiaj wszystkie serwisy na \u015bwiecie opublikowa\u0142y powy\u017csze zdj\u0119cie. Pochodzi ono z chi\u0144skiego klona Twittera &#8211; <a href=\"http:\/\/www.weibo.com\/1823630913\/Ar1XV5QlI\" target=\"_blank\">www.weibo.com<\/a>\u00a0i podobno przedstawia metalowy korpus iPhone&#8217;a 6. Korpus, kt\u00f3ry jest bardzo cienki (oko\u0142o 5-6 mm) oraz bardzo du\u017cy. Tak na oko musia\u0142by mie\u015bci\u0107 ekran ponad 4,7&#8243; mo\u017ce nawet 5&#8243;. Czyli mieliby\u015bmy iPhablet lub iPadofon. Podoba Wam si\u0119? Chcecie mie\u0107 du\u017cego iPhone&#8217;a?<\/p>\n<p style=\"text-align: justify;\">Musze Was zasmuci\u0107 &#8211; lub ucieszy\u0107. Ten korpus na 90% nie pochodzi od kolejnej generacji iPhone. Brak wyci\u0119cia na z\u0142\u0105cze lightning, brak miejsca na tack\u0119 SIM plus zdj\u0119cie jak zwykle marnej jako\u015bci pochodz\u0105ce od nie wiadomo kogo. Ale pierwsze koty za p\u0142oty. Zaczynamy sk\u0142adanie iPhone 6.<\/p>\n","protected":false},"excerpt":{"rendered":"<p>Wyj\u0105tkowo wcze\u015bnie w tym roku zaczynamy sk\u0142adanie iPhone&#8217;a 6 :) Dzisiaj wszystkie serwisy na \u015bwiecie opublikowa\u0142y powy\u017csze zdj\u0119cie. Pochodzi ono z chi\u0144skiego klona Twittera &#8211; www.weibo.com\u00a0i podobno przedstawia metalowy korpus iPhone&#8217;a 6. Korpus, kt\u00f3ry jest bardzo cienki (oko\u0142o 5-6 mm) oraz bardzo du\u017cy. Tak na oko musia\u0142by mie\u015bci\u0107 ekran ponad 4,7&#8243; mo\u017ce nawet 5&#8243;. Czyli [&hellip;]<\/p>\n","protected":false},"author":2,"featured_media":0,"comment_status":"open","ping_status":"open","sticky":false,"template":"","format":"standard","meta":{"footnotes":""},"categories":[90],"tags":[],"aioseo_notices":[],"_links":{"self":[{"href":"https:\/\/www.ipod.info.pl\/index.php\/wp-json\/wp\/v2\/posts\/21276"}],"collection":[{"href":"https:\/\/www.ipod.info.pl\/index.php\/wp-json\/wp\/v2\/posts"}],"about":[{"href":"https:\/\/www.ipod.info.pl\/index.php\/wp-json\/wp\/v2\/types\/post"}],"author":[{"embeddable":true,"href":"https:\/\/www.ipod.info.pl\/index.php\/wp-json\/wp\/v2\/users\/2"}],"replies":[{"embeddable":true,"href":"https:\/\/www.ipod.info.pl\/index.php\/wp-json\/wp\/v2\/comments?post=21276"}],"version-history":[{"count":2,"href":"https:\/\/www.ipod.info.pl\/index.php\/wp-json\/wp\/v2\/posts\/21276\/revisions"}],"predecessor-version":[{"id":21279,"href":"https:\/\/www.ipod.info.pl\/index.php\/wp-json\/wp\/v2\/posts\/21276\/revisions\/21279"}],"wp:attachment":[{"href":"https:\/\/www.ipod.info.pl\/index.php\/wp-json\/wp\/v2\/media?parent=21276"}],"wp:term":[{"taxonomy":"category","embeddable":true,"href":"https:\/\/www.ipod.info.pl\/index.php\/wp-json\/wp\/v2\/categories?post=21276"},{"taxonomy":"post_tag","embeddable":true,"href":"https:\/\/www.ipod.info.pl\/index.php\/wp-json\/wp\/v2\/tags?post=21276"}],"curies":[{"name":"wp","href":"https:\/\/api.w.org\/{rel}","templated":true}]}}