{"id":21617,"date":"2014-03-13T23:52:57","date_gmt":"2014-03-13T21:52:57","guid":{"rendered":"http:\/\/www.ipod.info.pl\/?p=21617"},"modified":"2014-03-14T00:01:07","modified_gmt":"2014-03-13T22:01:07","slug":"koncept-nowego-apple-tv","status":"publish","type":"post","link":"https:\/\/www.ipod.info.pl\/index.php\/koncept-nowego-apple-tv\/","title":{"rendered":"Koncept nowego Apple TV"},"content":{"rendered":"<p style=\"text-align: justify;\"><a href=\"http:\/\/www.ipod.info.pl\/wp-content\/uploads\/2014\/03\/appletvtouch_7.jpeg\"><img loading=\"lazy\" decoding=\"async\" class=\"aligncenter size-large wp-image-21620\" alt=\"appletvtouch_7\" src=\"http:\/\/www.ipod.info.pl\/wp-content\/uploads\/2014\/03\/appletvtouch_7-790x526.jpeg\" width=\"790\" height=\"526\" srcset=\"https:\/\/www.ipod.info.pl\/wp-content\/uploads\/2014\/03\/appletvtouch_7-790x526.jpeg 790w, https:\/\/www.ipod.info.pl\/wp-content\/uploads\/2014\/03\/appletvtouch_7-150x100.jpeg 150w, https:\/\/www.ipod.info.pl\/wp-content\/uploads\/2014\/03\/appletvtouch_7-250x166.jpeg 250w, https:\/\/www.ipod.info.pl\/wp-content\/uploads\/2014\/03\/appletvtouch_7.jpeg 1368w\" sizes=\"(max-width: 790px) 100vw, 790px\" \/><\/a>Do koncept\u00f3w iPhon\u00f3w ju\u017c si\u0119 przyzwyczaili\u015bmy, a mi si\u0119 nawet przejad\u0142y, ale koncept Apple TV to przyznacie co\u015b nowego. Rzu\u0107cie okiem na powy\u017csze zdj\u0119cie oraz na galeri\u0119 w rozwini\u0119ciu. To koncept nowego Apple TV autorstwa\u00a0<a href=\"https:\/\/curved.de\/news\/apple-tv-touch-so-koennte-die-4-generation-aussehen-29810\" target=\"_blank\">curved.de<\/a>. Sam kszta\u0142t pude\u0142ka nie zmieni\u0142 si\u0119 zasadniczo, ale w tym koncepcie jest mniejsze i wykonane cz\u0119\u015bciowo z aluminium. W \u015brodku wszytko co najlepsze, wsparcie dla rozdzielczo\u015bci 4K, procesor\u00a0A7, Wi-Fi ac &#8211; du\u017co wszystkiego. Ale i tak najwi\u0119ksz\u0105 zmian\u0105 w stosunku do obecnego modelu jest pilot &#8211; je\u015bli pilotem mo\u017cna nazwa\u0107 to urz\u0105dzenie. Jest to kontroler z dotykowym ekranem, bardziej przypominaj\u0105cy iPhone&#8217;a ni\u017c obecnego pilota. W koncepcie zosta\u0142 wyposa\u017cony w akcelerometry i \u017cyroskopy, kt\u00f3re maj\u0105 dawa\u0107 mu funkcjonalno\u015b\u0107 kontrolera od Wii, jest nawet tasiemka na r\u0119k\u0119 identyczna z t\u0105 w iPodzie touch 5G. Oczywi\u015bcie dochodzi to tego oddzielny sklep z aplikacjami&#8230;..<\/p>\n<p style=\"text-align: justify;\">Chodz\u0105 plotki, \u017ce now\u0105 wersj\u0119 ATV mo\u017cemy zobaczy\u0107 jeszcze w tym miesi\u0105cu, je\u015bli tak to Apple ma ma\u0142o czasu na informacj\u0119 o konferencji, cho\u0107 z drugiej strony nowa generacja Apple TV mo\u017ce si\u0119 pojawi\u0107 bez specjalnej oprawy.\u00a0Podoba si\u0119 Wam takie Apple TV jak w tym koncepcie? Mi tak i powiem Wam, ze taki koncept jest du\u017co ciekawszy od kolejnej nierealnej wariacji na temat iPhone&#8217;a.<\/p>\n<p style=\"text-align: justify;\"><!--more--><\/p>\n<div id='gallery-1' class='gallery galleryid-21617 gallery-columns-4 gallery-size-thumbnail'><figure class='gallery-item'>\n\t\t\t<div class='gallery-icon landscape'>\n\t\t\t\t<a href='https:\/\/www.ipod.info.pl\/wp-content\/uploads\/2014\/03\/appletvtouch_9.jpeg'><img loading=\"lazy\" decoding=\"async\" width=\"150\" height=\"100\" src=\"https:\/\/www.ipod.info.pl\/wp-content\/uploads\/2014\/03\/appletvtouch_9-150x100.jpeg\" class=\"attachment-thumbnail size-thumbnail\" alt=\"\" srcset=\"https:\/\/www.ipod.info.pl\/wp-content\/uploads\/2014\/03\/appletvtouch_9-150x100.jpeg 150w, https:\/\/www.ipod.info.pl\/wp-content\/uploads\/2014\/03\/appletvtouch_9-250x166.jpeg 250w, https:\/\/www.ipod.info.pl\/wp-content\/uploads\/2014\/03\/appletvtouch_9-790x526.jpeg 790w, https:\/\/www.ipod.info.pl\/wp-content\/uploads\/2014\/03\/appletvtouch_9.jpeg 1368w\" sizes=\"(max-width: 150px) 100vw, 150px\" \/><\/a>\n\t\t\t<\/div><\/figure><figure class='gallery-item'>\n\t\t\t<div class='gallery-icon landscape'>\n\t\t\t\t<a href='https:\/\/www.ipod.info.pl\/wp-content\/uploads\/2014\/03\/appletvtouch_7.jpeg'><img loading=\"lazy\" decoding=\"async\" width=\"150\" height=\"100\" src=\"https:\/\/www.ipod.info.pl\/wp-content\/uploads\/2014\/03\/appletvtouch_7-150x100.jpeg\" class=\"attachment-thumbnail size-thumbnail\" alt=\"\" srcset=\"https:\/\/www.ipod.info.pl\/wp-content\/uploads\/2014\/03\/appletvtouch_7-150x100.jpeg 150w, https:\/\/www.ipod.info.pl\/wp-content\/uploads\/2014\/03\/appletvtouch_7-250x166.jpeg 250w, https:\/\/www.ipod.info.pl\/wp-content\/uploads\/2014\/03\/appletvtouch_7-790x526.jpeg 790w, https:\/\/www.ipod.info.pl\/wp-content\/uploads\/2014\/03\/appletvtouch_7.jpeg 1368w\" sizes=\"(max-width: 150px) 100vw, 150px\" \/><\/a>\n\t\t\t<\/div><\/figure><figure class='gallery-item'>\n\t\t\t<div class='gallery-icon landscape'>\n\t\t\t\t<a href='https:\/\/www.ipod.info.pl\/wp-content\/uploads\/2014\/03\/appletvtouch_6.jpeg'><img loading=\"lazy\" decoding=\"async\" width=\"150\" height=\"100\" src=\"https:\/\/www.ipod.info.pl\/wp-content\/uploads\/2014\/03\/appletvtouch_6-150x100.jpeg\" class=\"attachment-thumbnail size-thumbnail\" alt=\"\" srcset=\"https:\/\/www.ipod.info.pl\/wp-content\/uploads\/2014\/03\/appletvtouch_6-150x100.jpeg 150w, https:\/\/www.ipod.info.pl\/wp-content\/uploads\/2014\/03\/appletvtouch_6-250x166.jpeg 250w, https:\/\/www.ipod.info.pl\/wp-content\/uploads\/2014\/03\/appletvtouch_6-790x526.jpeg 790w, https:\/\/www.ipod.info.pl\/wp-content\/uploads\/2014\/03\/appletvtouch_6.jpeg 1368w\" sizes=\"(max-width: 150px) 100vw, 150px\" \/><\/a>\n\t\t\t<\/div><\/figure><figure class='gallery-item'>\n\t\t\t<div class='gallery-icon landscape'>\n\t\t\t\t<a href='https:\/\/www.ipod.info.pl\/wp-content\/uploads\/2014\/03\/appletvtouch_2.jpeg'><img loading=\"lazy\" decoding=\"async\" width=\"150\" height=\"100\" src=\"https:\/\/www.ipod.info.pl\/wp-content\/uploads\/2014\/03\/appletvtouch_2-150x100.jpeg\" class=\"attachment-thumbnail size-thumbnail\" alt=\"\" srcset=\"https:\/\/www.ipod.info.pl\/wp-content\/uploads\/2014\/03\/appletvtouch_2-150x100.jpeg 150w, https:\/\/www.ipod.info.pl\/wp-content\/uploads\/2014\/03\/appletvtouch_2-250x166.jpeg 250w, https:\/\/www.ipod.info.pl\/wp-content\/uploads\/2014\/03\/appletvtouch_2-790x526.jpeg 790w, https:\/\/www.ipod.info.pl\/wp-content\/uploads\/2014\/03\/appletvtouch_2.jpeg 1368w\" sizes=\"(max-width: 150px) 100vw, 150px\" \/><\/a>\n\t\t\t<\/div><\/figure>\n\t\t<\/div>\n\n","protected":false},"excerpt":{"rendered":"<p>Do koncept\u00f3w iPhon\u00f3w ju\u017c si\u0119 przyzwyczaili\u015bmy, a mi si\u0119 nawet przejad\u0142y, ale koncept Apple TV to przyznacie co\u015b nowego. Rzu\u0107cie okiem na powy\u017csze zdj\u0119cie oraz na galeri\u0119 w rozwini\u0119ciu. To koncept nowego Apple TV autorstwa\u00a0curved.de. Sam kszta\u0142t pude\u0142ka nie zmieni\u0142 si\u0119 zasadniczo, ale w tym koncepcie jest mniejsze i wykonane cz\u0119\u015bciowo z aluminium. W \u015brodku [&hellip;]<\/p>\n","protected":false},"author":2,"featured_media":0,"comment_status":"open","ping_status":"open","sticky":false,"template":"","format":"standard","meta":{"footnotes":""},"categories":[12,102],"tags":[],"aioseo_notices":[],"_links":{"self":[{"href":"https:\/\/www.ipod.info.pl\/index.php\/wp-json\/wp\/v2\/posts\/21617"}],"collection":[{"href":"https:\/\/www.ipod.info.pl\/index.php\/wp-json\/wp\/v2\/posts"}],"about":[{"href":"https:\/\/www.ipod.info.pl\/index.php\/wp-json\/wp\/v2\/types\/post"}],"author":[{"embeddable":true,"href":"https:\/\/www.ipod.info.pl\/index.php\/wp-json\/wp\/v2\/users\/2"}],"replies":[{"embeddable":true,"href":"https:\/\/www.ipod.info.pl\/index.php\/wp-json\/wp\/v2\/comments?post=21617"}],"version-history":[{"count":4,"href":"https:\/\/www.ipod.info.pl\/index.php\/wp-json\/wp\/v2\/posts\/21617\/revisions"}],"predecessor-version":[{"id":21625,"href":"https:\/\/www.ipod.info.pl\/index.php\/wp-json\/wp\/v2\/posts\/21617\/revisions\/21625"}],"wp:attachment":[{"href":"https:\/\/www.ipod.info.pl\/index.php\/wp-json\/wp\/v2\/media?parent=21617"}],"wp:term":[{"taxonomy":"category","embeddable":true,"href":"https:\/\/www.ipod.info.pl\/index.php\/wp-json\/wp\/v2\/categories?post=21617"},{"taxonomy":"post_tag","embeddable":true,"href":"https:\/\/www.ipod.info.pl\/index.php\/wp-json\/wp\/v2\/tags?post=21617"}],"curies":[{"name":"wp","href":"https:\/\/api.w.org\/{rel}","templated":true}]}}