{"id":21628,"date":"2014-03-17T16:39:47","date_gmt":"2014-03-17T14:39:47","guid":{"rendered":"http:\/\/www.ipod.info.pl\/?p=21628"},"modified":"2014-03-18T00:37:32","modified_gmt":"2014-03-17T22:37:32","slug":"bedzie-tanszy-iphone-5c","status":"publish","type":"post","link":"https:\/\/www.ipod.info.pl\/index.php\/bedzie-tanszy-iphone-5c\/","title":{"rendered":"B\u0119dzie ta\u0144szy iPhone 5c?"},"content":{"rendered":"<p style=\"text-align: justify;\"><a href=\"http:\/\/www.ipod.info.pl\/wp-content\/uploads\/2014\/03\/Zrzut-ekranu-2014-03-17-o-15.18.44.png\"><img loading=\"lazy\" decoding=\"async\" class=\"aligncenter size-large wp-image-21629\" alt=\"Zrzut ekranu 2014-03-17 o 15.18.44\" src=\"http:\/\/www.ipod.info.pl\/wp-content\/uploads\/2014\/03\/Zrzut-ekranu-2014-03-17-o-15.18.44-790x233.png\" width=\"790\" height=\"233\" srcset=\"https:\/\/www.ipod.info.pl\/wp-content\/uploads\/2014\/03\/Zrzut-ekranu-2014-03-17-o-15.18.44-790x233.png 790w, https:\/\/www.ipod.info.pl\/wp-content\/uploads\/2014\/03\/Zrzut-ekranu-2014-03-17-o-15.18.44-150x44.png 150w, https:\/\/www.ipod.info.pl\/wp-content\/uploads\/2014\/03\/Zrzut-ekranu-2014-03-17-o-15.18.44-250x73.png 250w, https:\/\/www.ipod.info.pl\/wp-content\/uploads\/2014\/03\/Zrzut-ekranu-2014-03-17-o-15.18.44.png 1230w\" sizes=\"(max-width: 790px) 100vw, 790px\" \/><\/a>Wed\u0142ug dokumentu, kt\u00f3ry wyp\u0142yn\u0105 od niemieckiego operatora telekomunikacyjnego o2, jeszcze w tym tygodniu mo\u017cemy si\u0119 spodziewa\u0107 nowej wersji iPhone&#8217;a 5c o pojemno\u015bci 8GB. Oczywi\u015bcie taki model by\u0142by ta\u0144szy od obecnej wersji 16GB, kt\u00f3ra kosztuje 2499 z\u0142, a to ma\u0142o nie jest jak na model przeznaczony jednak g\u0142\u00f3wnie dla m\u0142odszych nabywc\u00f3w. Oczywi\u015bcie tak wyglada to w Polsce, gdzie ten model jest ma\u0142o popularny. Za bogatsz\u0105 granic\u0105 np. we Francji jest on du\u017co popularniejszy.<\/p>\n<p style=\"text-align: justify;\">Ja si\u0119 zastanawiam czy opr\u00f3cz wprowadzenia do sprzeda\u017cy iPhone 5c 8GB, Apple przy okazji nie pozb\u0119dzie si\u0119 iPhone 4s. Mniejszym ekranem i starym z\u0142\u0105czem nie pasuje on do innych produkt\u00f3w. Niestety podawana przez <a href=\"http:\/\/stadt-bremerhaven.de\/apple-iphone-5c-ab-morgen-bei-o2-in-8-gb-version-preise-gesenkt\/\" target=\"_blank\">stadt-bremerhaven.de<\/a>\u00a0ni\u017csza o 60Euro cena wersji 8GB w stosunku do wersji 16GB to troch\u0119 ma\u0142a obni\u017cka ceny. W Polsce pewnie by si\u0119 to prze\u0142o\u017cy\u0142o na 2249 z\u0142. Niestety taka cena nadal nie zach\u0119ca, co innego gdyby to by\u0142o 1999 z\u0142, wtedy 5c by\u015bmy widzieli na ulicach zdecydowanie cz\u0119\u015bciej.<\/p>\n<p style=\"text-align: justify;\">Aktualizacja &#8211; pojawi\u0142a si\u0119 te\u017c plotka o tym, \u017ce do oferty mo\u017ce wr\u00f3ci\u0107 jutro r\u00f3wnie\u017c iPad 4 ze z\u0142\u0105czem Lightning. Do do\u015b\u0107 ciekawe posuni\u0119cie &#8211; obecnie mamy w sprzeda\u017cy iPada 2 ze starym z\u0142\u0105czem i s\u0142abym ekranem w cenie iPada mini z Retin\u0105. Je\u015bli pojawi si\u0119 czw\u00f3rka to b\u0119dzie kosztowa\u0142a pewnie tyle samo 1699 z\u0142. Prawdopodobnie b\u0119d\u0105 to kodowe <a href=\"http:\/\/www.ipod.info.pl\/index.php\/nowe-ipady-ipad43-i-ipad46\/\" target=\"_blank\">iPad4,3 i iPad4,6<\/a> do kt\u00f3rych mo\u017cemy ju\u017c pobra\u0107 soft iOS 7.1<\/p>\n","protected":false},"excerpt":{"rendered":"<p>Wed\u0142ug dokumentu, kt\u00f3ry wyp\u0142yn\u0105 od niemieckiego operatora telekomunikacyjnego o2, jeszcze w tym tygodniu mo\u017cemy si\u0119 spodziewa\u0107 nowej wersji iPhone&#8217;a 5c o pojemno\u015bci 8GB. Oczywi\u015bcie taki model by\u0142by ta\u0144szy od obecnej wersji 16GB, kt\u00f3ra kosztuje 2499 z\u0142, a to ma\u0142o nie jest jak na model przeznaczony jednak g\u0142\u00f3wnie dla m\u0142odszych nabywc\u00f3w. Oczywi\u015bcie tak wyglada to w [&hellip;]<\/p>\n","protected":false},"author":2,"featured_media":0,"comment_status":"open","ping_status":"open","sticky":false,"template":"","format":"standard","meta":{"footnotes":""},"categories":[16,63,94],"tags":[],"aioseo_notices":[],"_links":{"self":[{"href":"https:\/\/www.ipod.info.pl\/index.php\/wp-json\/wp\/v2\/posts\/21628"}],"collection":[{"href":"https:\/\/www.ipod.info.pl\/index.php\/wp-json\/wp\/v2\/posts"}],"about":[{"href":"https:\/\/www.ipod.info.pl\/index.php\/wp-json\/wp\/v2\/types\/post"}],"author":[{"embeddable":true,"href":"https:\/\/www.ipod.info.pl\/index.php\/wp-json\/wp\/v2\/users\/2"}],"replies":[{"embeddable":true,"href":"https:\/\/www.ipod.info.pl\/index.php\/wp-json\/wp\/v2\/comments?post=21628"}],"version-history":[{"count":5,"href":"https:\/\/www.ipod.info.pl\/index.php\/wp-json\/wp\/v2\/posts\/21628\/revisions"}],"predecessor-version":[{"id":21634,"href":"https:\/\/www.ipod.info.pl\/index.php\/wp-json\/wp\/v2\/posts\/21628\/revisions\/21634"}],"wp:attachment":[{"href":"https:\/\/www.ipod.info.pl\/index.php\/wp-json\/wp\/v2\/media?parent=21628"}],"wp:term":[{"taxonomy":"category","embeddable":true,"href":"https:\/\/www.ipod.info.pl\/index.php\/wp-json\/wp\/v2\/categories?post=21628"},{"taxonomy":"post_tag","embeddable":true,"href":"https:\/\/www.ipod.info.pl\/index.php\/wp-json\/wp\/v2\/tags?post=21628"}],"curies":[{"name":"wp","href":"https:\/\/api.w.org\/{rel}","templated":true}]}}