{"id":21700,"date":"2014-04-03T14:56:57","date_gmt":"2014-04-03T12:56:57","guid":{"rendered":"http:\/\/www.ipod.info.pl\/?p=21700"},"modified":"2014-04-03T16:04:38","modified_gmt":"2014-04-03T14:04:38","slug":"wwdc14-juz-2-czerwca","status":"publish","type":"post","link":"https:\/\/www.ipod.info.pl\/index.php\/wwdc14-juz-2-czerwca\/","title":{"rendered":"WWDC14 &#8211; ju\u017c 2 czerwca"},"content":{"rendered":"<p style=\"text-align: justify;\"><img loading=\"lazy\" decoding=\"async\" class=\"aligncenter size-large wp-image-21701\" alt=\"WWDC14 - ju\u017c 2 czerwca - ios 8\" src=\"http:\/\/www.ipod.info.pl\/wp-content\/uploads\/2014\/04\/WWDC14-ju\u017c-2-czerwca-ios-8-790x389.png\" width=\"790\" height=\"389\" srcset=\"https:\/\/www.ipod.info.pl\/wp-content\/uploads\/2014\/04\/WWDC14-ju\u017c-2-czerwca-ios-8-790x389.png 790w, https:\/\/www.ipod.info.pl\/wp-content\/uploads\/2014\/04\/WWDC14-ju\u017c-2-czerwca-ios-8-150x73.png 150w, https:\/\/www.ipod.info.pl\/wp-content\/uploads\/2014\/04\/WWDC14-ju\u017c-2-czerwca-ios-8-250x123.png 250w, https:\/\/www.ipod.info.pl\/wp-content\/uploads\/2014\/04\/WWDC14-ju\u017c-2-czerwca-ios-8.png 1990w\" sizes=\"auto, (max-width: 790px) 100vw, 790px\" \/>Apple zapowiedzia\u0142o dzi\u015b <a href=\"https:\/\/developer.apple.com\/wwdc\/\" target=\"_blank\">konferencj\u0119 dla programist\u00f3w WWDC 2014<\/a> &#8211; jest prawie pewne, \u017ce zobaczymy wtedy pierwsz\u0105 bet\u0119 systemu iOS 8. \u00a0Konferencja odb\u0119dzie si\u0119 w dniach od 2 do 6 czerwca, najwa\u017cniejsze keynote b\u0119dzie za\u015b 2 czerwca w godzinach wieczornych &#8211; jakim\u015b dziwnym trafem jestem wtedy w Polsce :)<\/p>\n<p style=\"text-align: justify;\">No to zaczynamy interpretacj\u0119 bannera reklamowego.<\/p>\n","protected":false},"excerpt":{"rendered":"<p>Apple zapowiedzia\u0142o dzi\u015b konferencj\u0119 dla programist\u00f3w WWDC 2014 &#8211; jest prawie pewne, \u017ce zobaczymy wtedy pierwsz\u0105 bet\u0119 systemu iOS 8. \u00a0Konferencja odb\u0119dzie si\u0119 w dniach od 2 do 6 czerwca, najwa\u017cniejsze keynote b\u0119dzie za\u015b 2 czerwca w godzinach wieczornych &#8211; jakim\u015b dziwnym trafem jestem wtedy w Polsce :) No to zaczynamy interpretacj\u0119 bannera reklamowego.<\/p>\n","protected":false},"author":2,"featured_media":0,"comment_status":"open","ping_status":"open","sticky":false,"template":"","format":"standard","meta":{"footnotes":""},"categories":[10],"tags":[],"class_list":["post-21700","post","type-post","status-publish","format-standard","hentry","category-apple"],"aioseo_notices":[],"aioseo_head":"\n\t\t<!-- All in One SEO 5.0.0.1 - aioseo.com -->\n\t<meta name=\"robots\" content=\"max-image-preview:large\" \/>\n\t<meta name=\"author\" content=\"norbi\"\/>\n\t<link rel=\"canonical\" href=\"https:\/\/www.ipod.info.pl\/index.php\/wwdc14-juz-2-czerwca\/\" \/>\n\t<meta name=\"generator\" content=\"All in One SEO (AIOSEO) 5.0.0.1\" \/>\n\t\t<meta property=\"og:locale\" content=\"pl_PL\" \/>\n\t\t<meta property=\"og:site_name\" content=\"iPod.info.pl \u2014 iPod, iPad, iPhone, iBlog | iPod, iPad, iPhone, iPhone 3G, iPhone 3GS, iPhone 4, Apple TV\" \/>\n\t\t<meta property=\"og:type\" content=\"article\" \/>\n\t\t<meta property=\"og:title\" content=\"WWDC14 \u2013 ju\u017c 2 czerwca | iPod.info.pl \u2014 iPod, iPad, iPhone, iBlog\" \/>\n\t\t<meta property=\"og:url\" content=\"https:\/\/www.ipod.info.pl\/index.php\/wwdc14-juz-2-czerwca\/\" \/>\n\t\t<meta property=\"article:published_time\" content=\"2014-04-03T12:56:57+00:00\" \/>\n\t\t<meta property=\"article:modified_time\" content=\"2014-04-03T14:04:38+00:00\" \/>\n\t\t<meta name=\"twitter:card\" content=\"summary_large_image\" \/>\n\t\t<meta name=\"twitter:title\" content=\"WWDC14 \u2013 ju\u017c 2 czerwca | iPod.info.pl \u2014 iPod, iPad, iPhone, iBlog\" \/>\n\t\t<script type=\"application\/ld+json\" class=\"aioseo-schema\">\n\t\t\t{\"@context\":\"https:\\\/\\\/schema.org\",\"@graph\":[{\"@type\":\"Article\",\"@id\":\"https:\\\/\\\/www.ipod.info.pl\\\/index.php\\\/wwdc14-juz-2-czerwca\\\/#article\",\"name\":\"WWDC14 \\u2013 ju\\u017c 2 czerwca | iPod.info.pl \\u2014 iPod, iPad, iPhone, iBlog\",\"headline\":\"WWDC14 &#8211; ju\\u017c 2 czerwca\",\"author\":{\"@id\":\"https:\\\/\\\/www.ipod.info.pl\\\/index.php\\\/author\\\/norbi\\\/#author\"},\"publisher\":{\"@id\":\"https:\\\/\\\/www.ipod.info.pl\\\/#organization\"},\"image\":{\"@type\":\"ImageObject\",\"url\":\"https:\\\/\\\/www.ipod.info.pl\\\/wp-content\\\/uploads\\\/2014\\\/04\\\/WWDC14-ju\\u017c-2-czerwca-ios-8.png\",\"@id\":\"https:\\\/\\\/www.ipod.info.pl\\\/index.php\\\/wwdc14-juz-2-czerwca\\\/#articleImage\",\"width\":1990,\"height\":980},\"datePublished\":\"2014-04-03T14:56:57+02:00\",\"dateModified\":\"2014-04-03T16:04:38+02:00\",\"inLanguage\":\"pl-PL\",\"commentCount\":32,\"mainEntityOfPage\":{\"@id\":\"https:\\\/\\\/www.ipod.info.pl\\\/index.php\\\/wwdc14-juz-2-czerwca\\\/#webpage\"},\"isPartOf\":{\"@id\":\"https:\\\/\\\/www.ipod.info.pl\\\/index.php\\\/wwdc14-juz-2-czerwca\\\/#webpage\"},\"articleSection\":\"Apple\"},{\"@type\":\"BreadcrumbList\",\"@id\":\"https:\\\/\\\/www.ipod.info.pl\\\/index.php\\\/wwdc14-juz-2-czerwca\\\/#breadcrumblist\",\"itemListElement\":[{\"@type\":\"ListItem\",\"@id\":\"https:\\\/\\\/www.ipod.info.pl#listItem\",\"position\":1,\"name\":\"Dom\",\"item\":\"https:\\\/\\\/www.ipod.info.pl\",\"nextItem\":{\"@type\":\"ListItem\",\"@id\":\"https:\\\/\\\/www.ipod.info.pl\\\/index.php\\\/category\\\/apple\\\/#listItem\",\"name\":\"Apple\"}},{\"@type\":\"ListItem\",\"@id\":\"https:\\\/\\\/www.ipod.info.pl\\\/index.php\\\/category\\\/apple\\\/#listItem\",\"position\":2,\"name\":\"Apple\",\"item\":\"https:\\\/\\\/www.ipod.info.pl\\\/index.php\\\/category\\\/apple\\\/\",\"nextItem\":{\"@type\":\"ListItem\",\"@id\":\"https:\\\/\\\/www.ipod.info.pl\\\/index.php\\\/wwdc14-juz-2-czerwca\\\/#listItem\",\"name\":\"WWDC14 &#8211; ju\\u017c 2 czerwca\"},\"previousItem\":{\"@type\":\"ListItem\",\"@id\":\"https:\\\/\\\/www.ipod.info.pl#listItem\",\"name\":\"Dom\"}},{\"@type\":\"ListItem\",\"@id\":\"https:\\\/\\\/www.ipod.info.pl\\\/index.php\\\/wwdc14-juz-2-czerwca\\\/#listItem\",\"position\":3,\"name\":\"WWDC14 &#8211; ju\\u017c 2 czerwca\",\"previousItem\":{\"@type\":\"ListItem\",\"@id\":\"https:\\\/\\\/www.ipod.info.pl\\\/index.php\\\/category\\\/apple\\\/#listItem\",\"name\":\"Apple\"}}]},{\"@type\":\"Organization\",\"@id\":\"https:\\\/\\\/www.ipod.info.pl\\\/#organization\",\"name\":\"iPod.info.pl \\u2014 iPod, iPad, iPhone, iBlog\",\"description\":\"iPod, iPad, iPhone, iPhone 3G, iPhone 3GS, iPhone 4, Apple TV\",\"url\":\"https:\\\/\\\/www.ipod.info.pl\\\/\"},{\"@type\":\"Person\",\"@id\":\"https:\\\/\\\/www.ipod.info.pl\\\/index.php\\\/author\\\/norbi\\\/#author\",\"url\":\"https:\\\/\\\/www.ipod.info.pl\\\/index.php\\\/author\\\/norbi\\\/\",\"name\":\"norbi\"},{\"@type\":\"WebPage\",\"@id\":\"https:\\\/\\\/www.ipod.info.pl\\\/index.php\\\/wwdc14-juz-2-czerwca\\\/#webpage\",\"url\":\"https:\\\/\\\/www.ipod.info.pl\\\/index.php\\\/wwdc14-juz-2-czerwca\\\/\",\"name\":\"WWDC14 \\u2013 ju\\u017c 2 czerwca | iPod.info.pl \\u2014 iPod, iPad, iPhone, iBlog\",\"inLanguage\":\"pl-PL\",\"isPartOf\":{\"@id\":\"https:\\\/\\\/www.ipod.info.pl\\\/#website\"},\"breadcrumb\":{\"@id\":\"https:\\\/\\\/www.ipod.info.pl\\\/index.php\\\/wwdc14-juz-2-czerwca\\\/#breadcrumblist\"},\"author\":{\"@id\":\"https:\\\/\\\/www.ipod.info.pl\\\/index.php\\\/author\\\/norbi\\\/#author\"},\"creator\":{\"@id\":\"https:\\\/\\\/www.ipod.info.pl\\\/index.php\\\/author\\\/norbi\\\/#author\"},\"datePublished\":\"2014-04-03T14:56:57+02:00\",\"dateModified\":\"2014-04-03T16:04:38+02:00\"},{\"@type\":\"WebSite\",\"@id\":\"https:\\\/\\\/www.ipod.info.pl\\\/#website\",\"url\":\"https:\\\/\\\/www.ipod.info.pl\\\/\",\"name\":\"iPod.info.pl \\u2014 iPod, iPad, iPhone, iBlog\",\"description\":\"iPod, iPad, iPhone, iPhone 3G, iPhone 3GS, iPhone 4, Apple TV\",\"inLanguage\":\"pl-PL\",\"publisher\":{\"@id\":\"https:\\\/\\\/www.ipod.info.pl\\\/#organization\"}}]}\n\t\t<\/script>\n\t\t<!-- All in One SEO -->\n\n","aioseo_head_json":{"title":"WWDC14 \u2013 ju\u017c 2 czerwca | iPod.info.pl \u2014 iPod, iPad, iPhone, iBlog","description":"","canonical_url":"https:\/\/www.ipod.info.pl\/index.php\/wwdc14-juz-2-czerwca\/","robots":"max-image-preview:large","keywords":"","webmasterTools":{"miscellaneous":""},"schema":{"@context":"https:\/\/schema.org","@graph":[{"@type":"Article","@id":"https:\/\/www.ipod.info.pl\/index.php\/wwdc14-juz-2-czerwca\/#article","name":"WWDC14 \u2013 ju\u017c 2 czerwca | iPod.info.pl \u2014 iPod, iPad, iPhone, iBlog","headline":"WWDC14 &#8211; ju\u017c 2 czerwca","author":{"@id":"https:\/\/www.ipod.info.pl\/index.php\/author\/norbi\/#author"},"publisher":{"@id":"https:\/\/www.ipod.info.pl\/#organization"},"image":{"@type":"ImageObject","url":"https:\/\/www.ipod.info.pl\/wp-content\/uploads\/2014\/04\/WWDC14-ju\u017c-2-czerwca-ios-8.png","@id":"https:\/\/www.ipod.info.pl\/index.php\/wwdc14-juz-2-czerwca\/#articleImage","width":1990,"height":980},"datePublished":"2014-04-03T14:56:57+02:00","dateModified":"2014-04-03T16:04:38+02:00","inLanguage":"pl-PL","commentCount":32,"mainEntityOfPage":{"@id":"https:\/\/www.ipod.info.pl\/index.php\/wwdc14-juz-2-czerwca\/#webpage"},"isPartOf":{"@id":"https:\/\/www.ipod.info.pl\/index.php\/wwdc14-juz-2-czerwca\/#webpage"},"articleSection":"Apple"},{"@type":"BreadcrumbList","@id":"https:\/\/www.ipod.info.pl\/index.php\/wwdc14-juz-2-czerwca\/#breadcrumblist","itemListElement":[{"@type":"ListItem","@id":"https:\/\/www.ipod.info.pl#listItem","position":1,"name":"Dom","item":"https:\/\/www.ipod.info.pl","nextItem":{"@type":"ListItem","@id":"https:\/\/www.ipod.info.pl\/index.php\/category\/apple\/#listItem","name":"Apple"}},{"@type":"ListItem","@id":"https:\/\/www.ipod.info.pl\/index.php\/category\/apple\/#listItem","position":2,"name":"Apple","item":"https:\/\/www.ipod.info.pl\/index.php\/category\/apple\/","nextItem":{"@type":"ListItem","@id":"https:\/\/www.ipod.info.pl\/index.php\/wwdc14-juz-2-czerwca\/#listItem","name":"WWDC14 &#8211; ju\u017c 2 czerwca"},"previousItem":{"@type":"ListItem","@id":"https:\/\/www.ipod.info.pl#listItem","name":"Dom"}},{"@type":"ListItem","@id":"https:\/\/www.ipod.info.pl\/index.php\/wwdc14-juz-2-czerwca\/#listItem","position":3,"name":"WWDC14 &#8211; ju\u017c 2 czerwca","previousItem":{"@type":"ListItem","@id":"https:\/\/www.ipod.info.pl\/index.php\/category\/apple\/#listItem","name":"Apple"}}]},{"@type":"Organization","@id":"https:\/\/www.ipod.info.pl\/#organization","name":"iPod.info.pl \u2014 iPod, iPad, iPhone, iBlog","description":"iPod, iPad, iPhone, iPhone 3G, iPhone 3GS, iPhone 4, Apple TV","url":"https:\/\/www.ipod.info.pl\/"},{"@type":"Person","@id":"https:\/\/www.ipod.info.pl\/index.php\/author\/norbi\/#author","url":"https:\/\/www.ipod.info.pl\/index.php\/author\/norbi\/","name":"norbi"},{"@type":"WebPage","@id":"https:\/\/www.ipod.info.pl\/index.php\/wwdc14-juz-2-czerwca\/#webpage","url":"https:\/\/www.ipod.info.pl\/index.php\/wwdc14-juz-2-czerwca\/","name":"WWDC14 \u2013 ju\u017c 2 czerwca | iPod.info.pl \u2014 iPod, iPad, iPhone, iBlog","inLanguage":"pl-PL","isPartOf":{"@id":"https:\/\/www.ipod.info.pl\/#website"},"breadcrumb":{"@id":"https:\/\/www.ipod.info.pl\/index.php\/wwdc14-juz-2-czerwca\/#breadcrumblist"},"author":{"@id":"https:\/\/www.ipod.info.pl\/index.php\/author\/norbi\/#author"},"creator":{"@id":"https:\/\/www.ipod.info.pl\/index.php\/author\/norbi\/#author"},"datePublished":"2014-04-03T14:56:57+02:00","dateModified":"2014-04-03T16:04:38+02:00"},{"@type":"WebSite","@id":"https:\/\/www.ipod.info.pl\/#website","url":"https:\/\/www.ipod.info.pl\/","name":"iPod.info.pl \u2014 iPod, iPad, iPhone, iBlog","description":"iPod, iPad, iPhone, iPhone 3G, iPhone 3GS, iPhone 4, Apple TV","inLanguage":"pl-PL","publisher":{"@id":"https:\/\/www.ipod.info.pl\/#organization"}}]},"og:locale":"pl_PL","og:site_name":"iPod.info.pl \u2014 iPod, iPad, iPhone, iBlog | iPod, iPad, iPhone, iPhone 3G, iPhone 3GS, iPhone 4, Apple TV","og:type":"article","og:title":"WWDC14 \u2013 ju\u017c 2 czerwca | iPod.info.pl \u2014 iPod, iPad, iPhone, iBlog","og:url":"https:\/\/www.ipod.info.pl\/index.php\/wwdc14-juz-2-czerwca\/","article:published_time":"2014-04-03T12:56:57+00:00","article:modified_time":"2014-04-03T14:04:38+00:00","twitter:card":"summary_large_image","twitter:title":"WWDC14 \u2013 ju\u017c 2 czerwca | iPod.info.pl \u2014 iPod, iPad, iPhone, iBlog"},"aioseo_meta_data":{"post_id":"21700","title":null,"description":null,"keywords":null,"keyphrases":null,"primary_term":null,"canonical_url":null,"og_title":null,"og_description":null,"og_object_type":"default","og_image_type":"default","og_image_url":null,"og_image_width":null,"og_image_height":null,"og_image_custom_url":null,"og_image_custom_fields":null,"og_video":null,"og_custom_url":null,"og_article_section":null,"og_article_tags":null,"twitter_use_og":false,"twitter_card":"default","twitter_image_type":"default","twitter_image_url":null,"twitter_image_custom_url":null,"twitter_image_custom_fields":null,"twitter_title":null,"twitter_description":null,"schema":{"blockGraphs":[],"customGraphs":[],"default":{"data":{"Article":[],"Course":[],"Dataset":[],"FAQPage":[],"Movie":[],"Person":[],"Product":[],"ProductReview":[],"Car":[],"Recipe":[],"Service":[],"SoftwareApplication":[],"WebPage":[]},"graphName":"","isEnabled":true},"graphs":[]},"schema_type":"default","schema_type_options":null,"pillar_content":false,"robots_default":true,"robots_noindex":false,"robots_noarchive":false,"robots_nosnippet":false,"robots_nofollow":false,"robots_noimageindex":false,"robots_noodp":false,"robots_notranslate":false,"robots_max_snippet":null,"robots_max_videopreview":null,"robots_max_imagepreview":"large","priority":null,"frequency":null,"local_seo":null,"limit_modified_date":false,"created":"2024-07-03 12:57:31","updated":"2026-08-13 23:00:24","focus_keyword":null,"additional_keywords":null,"truseo_locale":null,"ai":null,"breadcrumb_settings":null,"seo_analyzer_scan_date":null},"aioseo_breadcrumb":"<div class=\"aioseo-breadcrumbs\"><span class=\"aioseo-breadcrumb\">\n\t\t\t<a href=\"https:\/\/www.ipod.info.pl\" title=\"Dom\">Dom<\/a>\n\t\t<\/span><span class=\"aioseo-breadcrumb-separator\">&raquo;<\/span><span class=\"aioseo-breadcrumb\">\n\t\t\t<a href=\"https:\/\/www.ipod.info.pl\/index.php\/category\/apple\/\" title=\"Apple\">Apple<\/a>\n\t\t<\/span><span class=\"aioseo-breadcrumb-separator\">&raquo;<\/span><span class=\"aioseo-breadcrumb\">\n\t\t\tWWDC14 \u2013 ju\u017c 2 czerwca\n\t\t<\/span><\/div>","aioseo_breadcrumb_json":[{"label":"Dom","link":"https:\/\/www.ipod.info.pl"},{"label":"Apple","link":"https:\/\/www.ipod.info.pl\/index.php\/category\/apple\/"},{"label":"WWDC14 &#8211; ju\u017c 2 czerwca","link":"https:\/\/www.ipod.info.pl\/index.php\/wwdc14-juz-2-czerwca\/"}],"_links":{"self":[{"href":"https:\/\/www.ipod.info.pl\/index.php\/wp-json\/wp\/v2\/posts\/21700","targetHints":{"allow":["GET"]}}],"collection":[{"href":"https:\/\/www.ipod.info.pl\/index.php\/wp-json\/wp\/v2\/posts"}],"about":[{"href":"https:\/\/www.ipod.info.pl\/index.php\/wp-json\/wp\/v2\/types\/post"}],"author":[{"embeddable":true,"href":"https:\/\/www.ipod.info.pl\/index.php\/wp-json\/wp\/v2\/users\/2"}],"replies":[{"embeddable":true,"href":"https:\/\/www.ipod.info.pl\/index.php\/wp-json\/wp\/v2\/comments?post=21700"}],"version-history":[{"count":4,"href":"https:\/\/www.ipod.info.pl\/index.php\/wp-json\/wp\/v2\/posts\/21700\/revisions"}],"predecessor-version":[{"id":21705,"href":"https:\/\/www.ipod.info.pl\/index.php\/wp-json\/wp\/v2\/posts\/21700\/revisions\/21705"}],"wp:attachment":[{"href":"https:\/\/www.ipod.info.pl\/index.php\/wp-json\/wp\/v2\/media?parent=21700"}],"wp:term":[{"taxonomy":"category","embeddable":true,"href":"https:\/\/www.ipod.info.pl\/index.php\/wp-json\/wp\/v2\/categories?post=21700"},{"taxonomy":"post_tag","embeddable":true,"href":"https:\/\/www.ipod.info.pl\/index.php\/wp-json\/wp\/v2\/tags?post=21700"}],"curies":[{"name":"wp","href":"https:\/\/api.w.org\/{rel}","templated":true}]}}