{"id":21931,"date":"2014-05-16T21:39:09","date_gmt":"2014-05-16T19:39:09","guid":{"rendered":"http:\/\/www.ipod.info.pl\/?p=21931"},"modified":"2014-05-16T21:39:09","modified_gmt":"2014-05-16T19:39:09","slug":"ai-tak-kupia-tak-ale-koniecznie-po-to-aby-uzywac","status":"publish","type":"post","link":"https:\/\/www.ipod.info.pl\/index.php\/ai-tak-kupia-tak-ale-koniecznie-po-to-aby-uzywac\/","title":{"rendered":"&#8222;a\u2026i tak kupi\u0105&#8221; &#8211; tak ale koniecznie po to aby u\u017cywa\u0107"},"content":{"rendered":"<p style=\"text-align: justify;\">Skoro Dominikowi <a href=\"http:\/\/www.makoweabc.pl\/2014\/05\/dominik-wywoluje-mnie-do-tablicy-z-ekranem-w-rece\/\" target=\"_blank\">odpowiedzia\u0142 ju\u017c Wojtek<\/a>, a we wspomnianym tek\u015bcie pojawia si\u0119 r\u00f3wnie\u017c moje iMi\u0119 to chyba powinienem i ja. Dominik zachwycaj\u0105c si\u0119 ma\u0142ymi tabletami lub jak wolicie du\u017cymi smartphonami, twierdzi, \u017ce da niego idealny jest ekran powy\u017cej 5&#8243;. Przy czym zupe\u0142nie nie zwraca uwagi na ergonomi\u0119, przek\u0142adanie telefonu w r\u0119ku aby go swobodnie obs\u0142u\u017cy\u0107 nie stanowi dla niego problemu. Zawczasu za\u0142atwi\u0119 mu zni\u017ck\u0119 w MacLife bo pr\u0119dzej czy p\u00f3\u017aniej go upu\u015bci, co innego bowiem pobawi\u0107 si\u0119 testowym telefonem kilka dni, a co innego wygodnie u\u017cywa\u0107 miesi\u0105cami. Bezpo\u015brednie pytanie do mnie jednak brzmia\u0142o:<\/p>\n<p style=\"text-align: justify;\"><a href=\"http:\/\/imagazine.pl\/2014\/05\/16\/size-does-matter-czyli-jak-to-jest-z-wiekszym-ekranem\/\" target=\"_blank\"><em>Norbert i Wojtek narzekaj\u0105, zarzekaj\u0105\u00a0si\u0119 jak mog\u0105 o wszystko, a\u2026i tak kupi\u0105. Szybko zmieniaj\u0105c zdanie \u2013 zobaczycie.<\/em><\/a><\/p>\n<p style=\"text-align: justify;\">No c\u00f3\u017c, nie przecz\u0119, kupi\u0119 nawet jakbym mia\u0142 go postawi\u0107 na p\u00f3\u0142ce po kilku dniach i nie u\u017cywa\u0107. Ale oczywi\u015bcie wiecie, \u017ce to dlatego, \u017ce je kolekcjonuj\u0119.\u00a0Jestem jednak tak przyzwyczajony do obs\u0142ugi jedn\u0105 r\u0119k\u0105, \u017ce ci\u0119\u017cko b\u0119dzie mi z tego zrezygnowa\u0107. Za ka\u017cdym razem jak mam \u00a0w domu testowy telefon z du\u017cym ekranem to najbardziej brakuje mi iCloud, iMessage oraz w\u0142a\u015bnie obs\u0142ugi jedn\u0105 r\u0119k\u0105.<\/p>\n","protected":false},"excerpt":{"rendered":"<p>Skoro Dominikowi odpowiedzia\u0142 ju\u017c Wojtek, a we wspomnianym tek\u015bcie pojawia si\u0119 r\u00f3wnie\u017c moje iMi\u0119 to chyba powinienem i ja. Dominik zachwycaj\u0105c si\u0119 ma\u0142ymi tabletami lub jak wolicie du\u017cymi smartphonami, twierdzi, \u017ce da niego idealny jest ekran powy\u017cej 5&#8243;. Przy czym zupe\u0142nie nie zwraca uwagi na ergonomi\u0119, przek\u0142adanie telefonu w r\u0119ku aby go swobodnie obs\u0142u\u017cy\u0107 nie [&hellip;]<\/p>\n","protected":false},"author":2,"featured_media":0,"comment_status":"open","ping_status":"open","sticky":false,"template":"","format":"standard","meta":{"footnotes":""},"categories":[90],"tags":[],"aioseo_notices":[],"_links":{"self":[{"href":"https:\/\/www.ipod.info.pl\/index.php\/wp-json\/wp\/v2\/posts\/21931"}],"collection":[{"href":"https:\/\/www.ipod.info.pl\/index.php\/wp-json\/wp\/v2\/posts"}],"about":[{"href":"https:\/\/www.ipod.info.pl\/index.php\/wp-json\/wp\/v2\/types\/post"}],"author":[{"embeddable":true,"href":"https:\/\/www.ipod.info.pl\/index.php\/wp-json\/wp\/v2\/users\/2"}],"replies":[{"embeddable":true,"href":"https:\/\/www.ipod.info.pl\/index.php\/wp-json\/wp\/v2\/comments?post=21931"}],"version-history":[{"count":1,"href":"https:\/\/www.ipod.info.pl\/index.php\/wp-json\/wp\/v2\/posts\/21931\/revisions"}],"predecessor-version":[{"id":21932,"href":"https:\/\/www.ipod.info.pl\/index.php\/wp-json\/wp\/v2\/posts\/21931\/revisions\/21932"}],"wp:attachment":[{"href":"https:\/\/www.ipod.info.pl\/index.php\/wp-json\/wp\/v2\/media?parent=21931"}],"wp:term":[{"taxonomy":"category","embeddable":true,"href":"https:\/\/www.ipod.info.pl\/index.php\/wp-json\/wp\/v2\/categories?post=21931"},{"taxonomy":"post_tag","embeddable":true,"href":"https:\/\/www.ipod.info.pl\/index.php\/wp-json\/wp\/v2\/tags?post=21931"}],"curies":[{"name":"wp","href":"https:\/\/api.w.org\/{rel}","templated":true}]}}