{"id":22050,"date":"2014-06-11T21:33:39","date_gmt":"2014-06-11T19:33:39","guid":{"rendered":"http:\/\/www.ipod.info.pl\/?p=22050"},"modified":"2014-06-11T21:33:39","modified_gmt":"2014-06-11T19:33:39","slug":"ipod-classic-czy-ipod-video","status":"publish","type":"post","link":"https:\/\/www.ipod.info.pl\/index.php\/ipod-classic-czy-ipod-video\/","title":{"rendered":"iPod Classic czy iPod Video"},"content":{"rendered":"<p style=\"text-align: justify;\"><a href=\"http:\/\/imagazine.pl\/2014\/06\/11\/ipod-classic-vintage-5g-flash-edition\/\"><img loading=\"lazy\" decoding=\"async\" class=\"aligncenter wp-image-22051 size-large\" src=\"http:\/\/www.ipod.info.pl\/wp-content\/uploads\/2014\/06\/iPod-Classic-Vintage-5G-Flash-Edition-790x524.png\" alt=\"iPod Classic Vintage 5G Flash Edition\" width=\"790\" height=\"524\" srcset=\"https:\/\/www.ipod.info.pl\/wp-content\/uploads\/2014\/06\/iPod-Classic-Vintage-5G-Flash-Edition-790x524.png 790w, https:\/\/www.ipod.info.pl\/wp-content\/uploads\/2014\/06\/iPod-Classic-Vintage-5G-Flash-Edition-150x99.png 150w, https:\/\/www.ipod.info.pl\/wp-content\/uploads\/2014\/06\/iPod-Classic-Vintage-5G-Flash-Edition-250x165.png 250w\" sizes=\"(max-width: 790px) 100vw, 790px\" \/><\/a>Dominik \u0141ada posiada iPoda, kt\u00f3rego faktycznie mo\u017cna mu pozazdro\u015bci\u0107. Uwielbiam takie projekty, ten nie ograniczy\u0142 si\u0119 do w\u0142o\u017cenia zamiany dysku na kard\u0119 SD, w tym iPodzie zmieni\u0142o si\u0119 du\u017co wi\u0119cej.<\/p>\n<p style=\"text-align: justify;\"><em>MacLife po bardziej dok\u0142adnej analizie mojego przypadku i stwierdzeniu zdecydowanie wi\u0119kszych uszkodze\u0144 ni\u017c ta jedna, widoczna go\u0142ym okiem, przepalona wi\u0105zka, zdecydowa\u0142 si\u0119 wymieni\u0107 ca\u0142\u0105 p\u0142yt\u0119 g\u0142\u00f3wn\u0105 z jakiego\u015b innego \u201epadni\u0119tego\u201d iPoda. Okaza\u0142o si\u0119, \u017ce nie ma absolutnie \u017cadnych problem\u00f3w, aby \u201edawc\u0105\u201d by\u0142 model nowszy o dwie generacje. Wszystko pasowa\u0142o \u2013 ekran, przyciski, z\u0142\u0105cza, k\u00f3\u0142ko zosta\u0142o z mojego starego iPoda.<\/em><\/p>\n<p style=\"text-align: justify;\"><a href=\"http:\/\/imagazine.pl\/2014\/06\/11\/ipod-classic-vintage-5g-flash-edition\/\" target=\"_blank\">Przeczytajcie ca\u0142o\u015b\u0107 na iMagazine.<\/a><\/p>\n","protected":false},"excerpt":{"rendered":"<p>Dominik \u0141ada posiada iPoda, kt\u00f3rego faktycznie mo\u017cna mu pozazdro\u015bci\u0107. Uwielbiam takie projekty, ten nie ograniczy\u0142 si\u0119 do w\u0142o\u017cenia zamiany dysku na kard\u0119 SD, w tym iPodzie zmieni\u0142o si\u0119 du\u017co wi\u0119cej. MacLife po bardziej dok\u0142adnej analizie mojego przypadku i stwierdzeniu zdecydowanie wi\u0119kszych uszkodze\u0144 ni\u017c ta jedna, widoczna go\u0142ym okiem, przepalona wi\u0105zka, zdecydowa\u0142 si\u0119 wymieni\u0107 ca\u0142\u0105 p\u0142yt\u0119 [&hellip;]<\/p>\n","protected":false},"author":2,"featured_media":0,"comment_status":"open","ping_status":"open","sticky":false,"template":"","format":"standard","meta":{"footnotes":""},"categories":[2,19,5],"tags":[],"aioseo_notices":[],"_links":{"self":[{"href":"https:\/\/www.ipod.info.pl\/index.php\/wp-json\/wp\/v2\/posts\/22050"}],"collection":[{"href":"https:\/\/www.ipod.info.pl\/index.php\/wp-json\/wp\/v2\/posts"}],"about":[{"href":"https:\/\/www.ipod.info.pl\/index.php\/wp-json\/wp\/v2\/types\/post"}],"author":[{"embeddable":true,"href":"https:\/\/www.ipod.info.pl\/index.php\/wp-json\/wp\/v2\/users\/2"}],"replies":[{"embeddable":true,"href":"https:\/\/www.ipod.info.pl\/index.php\/wp-json\/wp\/v2\/comments?post=22050"}],"version-history":[{"count":1,"href":"https:\/\/www.ipod.info.pl\/index.php\/wp-json\/wp\/v2\/posts\/22050\/revisions"}],"predecessor-version":[{"id":22052,"href":"https:\/\/www.ipod.info.pl\/index.php\/wp-json\/wp\/v2\/posts\/22050\/revisions\/22052"}],"wp:attachment":[{"href":"https:\/\/www.ipod.info.pl\/index.php\/wp-json\/wp\/v2\/media?parent=22050"}],"wp:term":[{"taxonomy":"category","embeddable":true,"href":"https:\/\/www.ipod.info.pl\/index.php\/wp-json\/wp\/v2\/categories?post=22050"},{"taxonomy":"post_tag","embeddable":true,"href":"https:\/\/www.ipod.info.pl\/index.php\/wp-json\/wp\/v2\/tags?post=22050"}],"curies":[{"name":"wp","href":"https:\/\/api.w.org\/{rel}","templated":true}]}}