{"id":22317,"date":"2014-07-24T00:16:25","date_gmt":"2014-07-23T22:16:25","guid":{"rendered":"http:\/\/www.ipod.info.pl\/?p=22317"},"modified":"2014-07-24T01:27:25","modified_gmt":"2014-07-23T23:27:25","slug":"czy-apple-zaniedbuje-iphonea","status":"publish","type":"post","link":"https:\/\/www.ipod.info.pl\/index.php\/czy-apple-zaniedbuje-iphonea\/","title":{"rendered":"Czy Apple zaniedbuje iPhone&#8217;a?"},"content":{"rendered":"<p style=\"text-align: justify;\">Do\u015b\u0107 rzadko wchodz\u0119 w polemik\u0119 na blogu i dziwnym trafem si\u0119 sk\u0142ada, \u017ce jak ju\u017c to z Krzy\u015bkiem Kurkiem czyli facetem kt\u00f3rego bardzo lubi\u0119 i ceni\u0119. Dzi\u015b zada\u0142 na FB pytanie odnosz\u0105ce si\u0119 do wczorajszych wynik\u00f3w finansowych Apple:<br \/>\n<em><span style=\"color: #141823;\"><br \/>\nCzy kto\u015b mo\u017ce mi wyja\u015bni\u0107 jedn\u0105 kwesti\u0119 ? &#8230; skoro zyski Apple tak bardzo zale\u017c\u0105 od wynik\u00f3w iPhona (wniosek z ich raportu finansowego), to dlaczego firma tak bardzo zaniedba\u0142a rozw\u00f3j tego produktu w ostatnim czasie (wniosek na podstawie w\u0142asnych obserwacji)?<\/span><\/em><\/p>\n<p style=\"text-align: justify;\">Rozp\u0119ta\u0142a si\u0119 z tego wielka dyskusja, kt\u00f3r\u0105 mo\u017cecie <a href=\"https:\/\/www.facebook.com\/keruk\/posts\/10202998102205781?comment_id=10202999079110203&amp;offset=0&amp;total_comments=120&amp;notif_t=feed_comment_reply\" target=\"_blank\">przejrze\u0107 na jego otwartym profilu<\/a> &#8211; warto bo jest bardzo merytoryczna i przebiega rzeczowo w temacie prosz\u0105cym si\u0119 o hejt ze strony fanboj\u00f3w.<\/p>\n<p style=\"text-align: justify;\">Sam mu tam odpowiedzia\u0142em, ale chcia\u0142bym to rozszerzy\u0107 &#8211; moim zdaniem Apple wcale nie zaniedba\u0142o rozwoju iPhone&#8217;a<span style=\"color: #141823;\" data-ft=\"{&quot;tn&quot;:&quot;K&quot;}\" data-reactid=\".58.1:3:1:$comment10202998102205781_10202998760542239:0.0.$right.0.$left.0.0.1:$comment-body\"><span class=\"UFICommentBody\" data-reactid=\".58.1:3:1:$comment10202998102205781_10202998760542239:0.0.$right.0.$left.0.0.1:$comment-body.0\"><span data-reactid=\".58.1:3:1:$comment10202998102205781_10202998760542239:0.0.$right.0.$left.0.0.1:$comment-body.0.$end:0:$0:0\">. Wr\u0119cz odwrotnie, robi\u0105 to czego chce wielo\u015b\u0107 ich klient\u00f3w czyli powoli udoskonalaj\u0105 \u015bwietny telefon nie funduj\u0105c klientom ci\u0105g\u0142ych, du\u017cych zmian i niepotrzebnych wodotrysk\u00f3w. Nie stosuj\u0105 technologii nie sprawdzonych w 100% lub takich kt\u00f3re czasem mog\u0105 zadzia\u0142a\u0107, a czasem nie. Dlatego iPhone nie ma wodoodporno\u015bci bo to wi\u0105\u017ce si\u0119 z zak\u0142adaniem jaki\u015b klapek na z\u0142\u0105cza, dlatego nie ma \u0142adowania indukcyjnego bo to mo\u017ce niszczy\u0107 bateri\u0119, dlatego nie ma NFC bo potencjalnie to droga do w\u0142ama\u0144 itp itp. Apple stawia na sprawdzone rozwi\u0105zania i brak szokuj\u0105cych zmian. To w\u0142a\u015bnie to czego oczekuj\u0105 klienci tej firmy i to w\u0142a\u015bnie to co powoduje, \u017ce sprzedaj\u0105c trzy modele telefonu maj\u0105 w niekt\u00f3rych krajach wi\u0119cej ni\u017c po\u0142ow\u0119 rynku smartphone.\u00a0<\/span><\/span><\/span><\/p>\n","protected":false},"excerpt":{"rendered":"<p>Do\u015b\u0107 rzadko wchodz\u0119 w polemik\u0119 na blogu i dziwnym trafem si\u0119 sk\u0142ada, \u017ce jak ju\u017c to z Krzy\u015bkiem Kurkiem czyli facetem kt\u00f3rego bardzo lubi\u0119 i ceni\u0119. Dzi\u015b zada\u0142 na FB pytanie odnosz\u0105ce si\u0119 do wczorajszych wynik\u00f3w finansowych Apple: Czy kto\u015b mo\u017ce mi wyja\u015bni\u0107 jedn\u0105 kwesti\u0119 ? &#8230; skoro zyski Apple tak bardzo zale\u017c\u0105 od wynik\u00f3w [&hellip;]<\/p>\n","protected":false},"author":2,"featured_media":0,"comment_status":"open","ping_status":"open","sticky":false,"template":"","format":"standard","meta":{"footnotes":""},"categories":[10,16],"tags":[],"class_list":["post-22317","post","type-post","status-publish","format-standard","hentry","category-apple","category-iphone"],"aioseo_notices":[],"aioseo_head":"\n\t\t<!-- All in One SEO 5.0.0.1 - aioseo.com -->\n\t<meta name=\"robots\" content=\"max-image-preview:large\" \/>\n\t<meta name=\"author\" content=\"norbi\"\/>\n\t<link rel=\"canonical\" href=\"https:\/\/www.ipod.info.pl\/index.php\/czy-apple-zaniedbuje-iphonea\/\" \/>\n\t<meta name=\"generator\" content=\"All in One SEO (AIOSEO) 5.0.0.1\" \/>\n\t\t<meta property=\"og:locale\" content=\"pl_PL\" \/>\n\t\t<meta property=\"og:site_name\" content=\"iPod.info.pl \u2014 iPod, iPad, iPhone, iBlog | iPod, iPad, iPhone, iPhone 3G, iPhone 3GS, iPhone 4, Apple TV\" \/>\n\t\t<meta property=\"og:type\" content=\"article\" \/>\n\t\t<meta property=\"og:title\" content=\"Czy Apple zaniedbuje iPhone\u2019a? | iPod.info.pl \u2014 iPod, iPad, iPhone, iBlog\" \/>\n\t\t<meta property=\"og:url\" content=\"https:\/\/www.ipod.info.pl\/index.php\/czy-apple-zaniedbuje-iphonea\/\" \/>\n\t\t<meta property=\"article:published_time\" content=\"2014-07-23T22:16:25+00:00\" \/>\n\t\t<meta property=\"article:modified_time\" content=\"2014-07-23T23:27:25+00:00\" \/>\n\t\t<meta name=\"twitter:card\" content=\"summary_large_image\" \/>\n\t\t<meta name=\"twitter:title\" content=\"Czy Apple zaniedbuje iPhone\u2019a? | iPod.info.pl \u2014 iPod, iPad, iPhone, iBlog\" \/>\n\t\t<script type=\"application\/ld+json\" class=\"aioseo-schema\">\n\t\t\t{\"@context\":\"https:\\\/\\\/schema.org\",\"@graph\":[{\"@type\":\"Article\",\"@id\":\"https:\\\/\\\/www.ipod.info.pl\\\/index.php\\\/czy-apple-zaniedbuje-iphonea\\\/#article\",\"name\":\"Czy Apple zaniedbuje iPhone\\u2019a? | iPod.info.pl \\u2014 iPod, iPad, iPhone, iBlog\",\"headline\":\"Czy Apple zaniedbuje iPhone&#8217;a?\",\"author\":{\"@id\":\"https:\\\/\\\/www.ipod.info.pl\\\/index.php\\\/author\\\/norbi\\\/#author\"},\"publisher\":{\"@id\":\"https:\\\/\\\/www.ipod.info.pl\\\/#organization\"},\"datePublished\":\"2014-07-24T00:16:25+02:00\",\"dateModified\":\"2014-07-24T01:27:25+02:00\",\"inLanguage\":\"pl-PL\",\"commentCount\":58,\"mainEntityOfPage\":{\"@id\":\"https:\\\/\\\/www.ipod.info.pl\\\/index.php\\\/czy-apple-zaniedbuje-iphonea\\\/#webpage\"},\"isPartOf\":{\"@id\":\"https:\\\/\\\/www.ipod.info.pl\\\/index.php\\\/czy-apple-zaniedbuje-iphonea\\\/#webpage\"},\"articleSection\":\"Apple, iPhone\"},{\"@type\":\"BreadcrumbList\",\"@id\":\"https:\\\/\\\/www.ipod.info.pl\\\/index.php\\\/czy-apple-zaniedbuje-iphonea\\\/#breadcrumblist\",\"itemListElement\":[{\"@type\":\"ListItem\",\"@id\":\"https:\\\/\\\/www.ipod.info.pl#listItem\",\"position\":1,\"name\":\"Dom\",\"item\":\"https:\\\/\\\/www.ipod.info.pl\",\"nextItem\":{\"@type\":\"ListItem\",\"@id\":\"https:\\\/\\\/www.ipod.info.pl\\\/index.php\\\/category\\\/apple\\\/#listItem\",\"name\":\"Apple\"}},{\"@type\":\"ListItem\",\"@id\":\"https:\\\/\\\/www.ipod.info.pl\\\/index.php\\\/category\\\/apple\\\/#listItem\",\"position\":2,\"name\":\"Apple\",\"item\":\"https:\\\/\\\/www.ipod.info.pl\\\/index.php\\\/category\\\/apple\\\/\",\"nextItem\":{\"@type\":\"ListItem\",\"@id\":\"https:\\\/\\\/www.ipod.info.pl\\\/index.php\\\/czy-apple-zaniedbuje-iphonea\\\/#listItem\",\"name\":\"Czy Apple zaniedbuje iPhone&#8217;a?\"},\"previousItem\":{\"@type\":\"ListItem\",\"@id\":\"https:\\\/\\\/www.ipod.info.pl#listItem\",\"name\":\"Dom\"}},{\"@type\":\"ListItem\",\"@id\":\"https:\\\/\\\/www.ipod.info.pl\\\/index.php\\\/czy-apple-zaniedbuje-iphonea\\\/#listItem\",\"position\":3,\"name\":\"Czy Apple zaniedbuje iPhone&#8217;a?\",\"previousItem\":{\"@type\":\"ListItem\",\"@id\":\"https:\\\/\\\/www.ipod.info.pl\\\/index.php\\\/category\\\/apple\\\/#listItem\",\"name\":\"Apple\"}}]},{\"@type\":\"Organization\",\"@id\":\"https:\\\/\\\/www.ipod.info.pl\\\/#organization\",\"name\":\"iPod.info.pl \\u2014 iPod, iPad, iPhone, iBlog\",\"description\":\"iPod, iPad, iPhone, iPhone 3G, iPhone 3GS, iPhone 4, Apple TV\",\"url\":\"https:\\\/\\\/www.ipod.info.pl\\\/\"},{\"@type\":\"Person\",\"@id\":\"https:\\\/\\\/www.ipod.info.pl\\\/index.php\\\/author\\\/norbi\\\/#author\",\"url\":\"https:\\\/\\\/www.ipod.info.pl\\\/index.php\\\/author\\\/norbi\\\/\",\"name\":\"norbi\"},{\"@type\":\"WebPage\",\"@id\":\"https:\\\/\\\/www.ipod.info.pl\\\/index.php\\\/czy-apple-zaniedbuje-iphonea\\\/#webpage\",\"url\":\"https:\\\/\\\/www.ipod.info.pl\\\/index.php\\\/czy-apple-zaniedbuje-iphonea\\\/\",\"name\":\"Czy Apple zaniedbuje iPhone\\u2019a? | iPod.info.pl \\u2014 iPod, iPad, iPhone, iBlog\",\"inLanguage\":\"pl-PL\",\"isPartOf\":{\"@id\":\"https:\\\/\\\/www.ipod.info.pl\\\/#website\"},\"breadcrumb\":{\"@id\":\"https:\\\/\\\/www.ipod.info.pl\\\/index.php\\\/czy-apple-zaniedbuje-iphonea\\\/#breadcrumblist\"},\"author\":{\"@id\":\"https:\\\/\\\/www.ipod.info.pl\\\/index.php\\\/author\\\/norbi\\\/#author\"},\"creator\":{\"@id\":\"https:\\\/\\\/www.ipod.info.pl\\\/index.php\\\/author\\\/norbi\\\/#author\"},\"datePublished\":\"2014-07-24T00:16:25+02:00\",\"dateModified\":\"2014-07-24T01:27:25+02:00\"},{\"@type\":\"WebSite\",\"@id\":\"https:\\\/\\\/www.ipod.info.pl\\\/#website\",\"url\":\"https:\\\/\\\/www.ipod.info.pl\\\/\",\"name\":\"iPod.info.pl \\u2014 iPod, iPad, iPhone, iBlog\",\"description\":\"iPod, iPad, iPhone, iPhone 3G, iPhone 3GS, iPhone 4, Apple TV\",\"inLanguage\":\"pl-PL\",\"publisher\":{\"@id\":\"https:\\\/\\\/www.ipod.info.pl\\\/#organization\"}}]}\n\t\t<\/script>\n\t\t<!-- All in One SEO -->\n\n","aioseo_head_json":{"title":"Czy Apple zaniedbuje iPhone\u2019a? | iPod.info.pl \u2014 iPod, iPad, iPhone, iBlog","description":"","canonical_url":"https:\/\/www.ipod.info.pl\/index.php\/czy-apple-zaniedbuje-iphonea\/","robots":"max-image-preview:large","keywords":"","webmasterTools":{"miscellaneous":""},"schema":{"@context":"https:\/\/schema.org","@graph":[{"@type":"Article","@id":"https:\/\/www.ipod.info.pl\/index.php\/czy-apple-zaniedbuje-iphonea\/#article","name":"Czy Apple zaniedbuje iPhone\u2019a? | iPod.info.pl \u2014 iPod, iPad, iPhone, iBlog","headline":"Czy Apple zaniedbuje iPhone&#8217;a?","author":{"@id":"https:\/\/www.ipod.info.pl\/index.php\/author\/norbi\/#author"},"publisher":{"@id":"https:\/\/www.ipod.info.pl\/#organization"},"datePublished":"2014-07-24T00:16:25+02:00","dateModified":"2014-07-24T01:27:25+02:00","inLanguage":"pl-PL","commentCount":58,"mainEntityOfPage":{"@id":"https:\/\/www.ipod.info.pl\/index.php\/czy-apple-zaniedbuje-iphonea\/#webpage"},"isPartOf":{"@id":"https:\/\/www.ipod.info.pl\/index.php\/czy-apple-zaniedbuje-iphonea\/#webpage"},"articleSection":"Apple, iPhone"},{"@type":"BreadcrumbList","@id":"https:\/\/www.ipod.info.pl\/index.php\/czy-apple-zaniedbuje-iphonea\/#breadcrumblist","itemListElement":[{"@type":"ListItem","@id":"https:\/\/www.ipod.info.pl#listItem","position":1,"name":"Dom","item":"https:\/\/www.ipod.info.pl","nextItem":{"@type":"ListItem","@id":"https:\/\/www.ipod.info.pl\/index.php\/category\/apple\/#listItem","name":"Apple"}},{"@type":"ListItem","@id":"https:\/\/www.ipod.info.pl\/index.php\/category\/apple\/#listItem","position":2,"name":"Apple","item":"https:\/\/www.ipod.info.pl\/index.php\/category\/apple\/","nextItem":{"@type":"ListItem","@id":"https:\/\/www.ipod.info.pl\/index.php\/czy-apple-zaniedbuje-iphonea\/#listItem","name":"Czy Apple zaniedbuje iPhone&#8217;a?"},"previousItem":{"@type":"ListItem","@id":"https:\/\/www.ipod.info.pl#listItem","name":"Dom"}},{"@type":"ListItem","@id":"https:\/\/www.ipod.info.pl\/index.php\/czy-apple-zaniedbuje-iphonea\/#listItem","position":3,"name":"Czy Apple zaniedbuje iPhone&#8217;a?","previousItem":{"@type":"ListItem","@id":"https:\/\/www.ipod.info.pl\/index.php\/category\/apple\/#listItem","name":"Apple"}}]},{"@type":"Organization","@id":"https:\/\/www.ipod.info.pl\/#organization","name":"iPod.info.pl \u2014 iPod, iPad, iPhone, iBlog","description":"iPod, iPad, iPhone, iPhone 3G, iPhone 3GS, iPhone 4, Apple TV","url":"https:\/\/www.ipod.info.pl\/"},{"@type":"Person","@id":"https:\/\/www.ipod.info.pl\/index.php\/author\/norbi\/#author","url":"https:\/\/www.ipod.info.pl\/index.php\/author\/norbi\/","name":"norbi"},{"@type":"WebPage","@id":"https:\/\/www.ipod.info.pl\/index.php\/czy-apple-zaniedbuje-iphonea\/#webpage","url":"https:\/\/www.ipod.info.pl\/index.php\/czy-apple-zaniedbuje-iphonea\/","name":"Czy Apple zaniedbuje iPhone\u2019a? | iPod.info.pl \u2014 iPod, iPad, iPhone, iBlog","inLanguage":"pl-PL","isPartOf":{"@id":"https:\/\/www.ipod.info.pl\/#website"},"breadcrumb":{"@id":"https:\/\/www.ipod.info.pl\/index.php\/czy-apple-zaniedbuje-iphonea\/#breadcrumblist"},"author":{"@id":"https:\/\/www.ipod.info.pl\/index.php\/author\/norbi\/#author"},"creator":{"@id":"https:\/\/www.ipod.info.pl\/index.php\/author\/norbi\/#author"},"datePublished":"2014-07-24T00:16:25+02:00","dateModified":"2014-07-24T01:27:25+02:00"},{"@type":"WebSite","@id":"https:\/\/www.ipod.info.pl\/#website","url":"https:\/\/www.ipod.info.pl\/","name":"iPod.info.pl \u2014 iPod, iPad, iPhone, iBlog","description":"iPod, iPad, iPhone, iPhone 3G, iPhone 3GS, iPhone 4, Apple TV","inLanguage":"pl-PL","publisher":{"@id":"https:\/\/www.ipod.info.pl\/#organization"}}]},"og:locale":"pl_PL","og:site_name":"iPod.info.pl \u2014 iPod, iPad, iPhone, iBlog | iPod, iPad, iPhone, iPhone 3G, iPhone 3GS, iPhone 4, Apple TV","og:type":"article","og:title":"Czy Apple zaniedbuje iPhone\u2019a? | iPod.info.pl \u2014 iPod, iPad, iPhone, iBlog","og:url":"https:\/\/www.ipod.info.pl\/index.php\/czy-apple-zaniedbuje-iphonea\/","article:published_time":"2014-07-23T22:16:25+00:00","article:modified_time":"2014-07-23T23:27:25+00:00","twitter:card":"summary_large_image","twitter:title":"Czy Apple zaniedbuje iPhone\u2019a? | iPod.info.pl \u2014 iPod, iPad, iPhone, iBlog"},"aioseo_meta_data":{"post_id":"22317","title":null,"description":null,"keywords":null,"keyphrases":null,"primary_term":null,"canonical_url":null,"og_title":null,"og_description":null,"og_object_type":"default","og_image_type":"default","og_image_url":null,"og_image_width":null,"og_image_height":null,"og_image_custom_url":null,"og_image_custom_fields":null,"og_video":null,"og_custom_url":null,"og_article_section":null,"og_article_tags":null,"twitter_use_og":false,"twitter_card":"default","twitter_image_type":"default","twitter_image_url":null,"twitter_image_custom_url":null,"twitter_image_custom_fields":null,"twitter_title":null,"twitter_description":null,"schema":{"blockGraphs":[],"customGraphs":[],"default":{"data":{"Article":[],"Course":[],"Dataset":[],"FAQPage":[],"Movie":[],"Person":[],"Product":[],"ProductReview":[],"Car":[],"Recipe":[],"Service":[],"SoftwareApplication":[],"WebPage":[]},"graphName":"","isEnabled":true},"graphs":[]},"schema_type":"default","schema_type_options":null,"pillar_content":false,"robots_default":true,"robots_noindex":false,"robots_noarchive":false,"robots_nosnippet":false,"robots_nofollow":false,"robots_noimageindex":false,"robots_noodp":false,"robots_notranslate":false,"robots_max_snippet":null,"robots_max_videopreview":null,"robots_max_imagepreview":"large","priority":null,"frequency":null,"local_seo":null,"limit_modified_date":false,"created":"2024-07-03 12:53:11","updated":"2026-08-13 23:13:00","focus_keyword":null,"additional_keywords":null,"truseo_locale":null,"ai":null,"breadcrumb_settings":null,"seo_analyzer_scan_date":null},"aioseo_breadcrumb":"<div class=\"aioseo-breadcrumbs\"><span class=\"aioseo-breadcrumb\">\n\t\t\t<a href=\"https:\/\/www.ipod.info.pl\" title=\"Dom\">Dom<\/a>\n\t\t<\/span><span class=\"aioseo-breadcrumb-separator\">&raquo;<\/span><span class=\"aioseo-breadcrumb\">\n\t\t\t<a href=\"https:\/\/www.ipod.info.pl\/index.php\/category\/apple\/\" title=\"Apple\">Apple<\/a>\n\t\t<\/span><span class=\"aioseo-breadcrumb-separator\">&raquo;<\/span><span class=\"aioseo-breadcrumb\">\n\t\t\tCzy Apple zaniedbuje iPhone\u2019a?\n\t\t<\/span><\/div>","aioseo_breadcrumb_json":[{"label":"Dom","link":"https:\/\/www.ipod.info.pl"},{"label":"Apple","link":"https:\/\/www.ipod.info.pl\/index.php\/category\/apple\/"},{"label":"Czy Apple zaniedbuje iPhone&#8217;a?","link":"https:\/\/www.ipod.info.pl\/index.php\/czy-apple-zaniedbuje-iphonea\/"}],"_links":{"self":[{"href":"https:\/\/www.ipod.info.pl\/index.php\/wp-json\/wp\/v2\/posts\/22317","targetHints":{"allow":["GET"]}}],"collection":[{"href":"https:\/\/www.ipod.info.pl\/index.php\/wp-json\/wp\/v2\/posts"}],"about":[{"href":"https:\/\/www.ipod.info.pl\/index.php\/wp-json\/wp\/v2\/types\/post"}],"author":[{"embeddable":true,"href":"https:\/\/www.ipod.info.pl\/index.php\/wp-json\/wp\/v2\/users\/2"}],"replies":[{"embeddable":true,"href":"https:\/\/www.ipod.info.pl\/index.php\/wp-json\/wp\/v2\/comments?post=22317"}],"version-history":[{"count":3,"href":"https:\/\/www.ipod.info.pl\/index.php\/wp-json\/wp\/v2\/posts\/22317\/revisions"}],"predecessor-version":[{"id":22320,"href":"https:\/\/www.ipod.info.pl\/index.php\/wp-json\/wp\/v2\/posts\/22317\/revisions\/22320"}],"wp:attachment":[{"href":"https:\/\/www.ipod.info.pl\/index.php\/wp-json\/wp\/v2\/media?parent=22317"}],"wp:term":[{"taxonomy":"category","embeddable":true,"href":"https:\/\/www.ipod.info.pl\/index.php\/wp-json\/wp\/v2\/categories?post=22317"},{"taxonomy":"post_tag","embeddable":true,"href":"https:\/\/www.ipod.info.pl\/index.php\/wp-json\/wp\/v2\/tags?post=22317"}],"curies":[{"name":"wp","href":"https:\/\/api.w.org\/{rel}","templated":true}]}}