{"id":23066,"date":"2014-10-28T22:13:56","date_gmt":"2014-10-28T20:13:56","guid":{"rendered":"http:\/\/www.ipod.info.pl\/?p=23066"},"modified":"2014-10-28T22:18:04","modified_gmt":"2014-10-28T20:18:04","slug":"tim-cook-o-baterii-w-apple-watch","status":"publish","type":"post","link":"https:\/\/www.ipod.info.pl\/index.php\/tim-cook-o-baterii-w-apple-watch\/","title":{"rendered":"Tim Cook o baterii w Apple Watch"},"content":{"rendered":"<p style=\"text-align: justify;\">Na wspomnianej ju\u017c <a title=\"Tim Cook m\u00f3wi dlaczego wycofano iPoda classic\" href=\"http:\/\/www.ipod.info.pl\/index.php\/tim-cook-mowi-dlaczego-wycofano-ipoda-classic\/\" target=\"_blank\">wpis wcze\u015bniej<\/a>\u00a0<a href=\"http:\/\/live.theverge.com\/tim-cook-wsjd-live-blog\/\" target=\"_blank\">konferencji WSJ.D<\/a> zorganizowanej przez Wall Street Journal, Tim Cook m\u00f3wi\u0142 nie tylko o iPodzie classic, ale r\u00f3wnie\u017c o Apple Watch. Zapytany o to jak d\u0142ugo b\u0119dzie on pracowa\u0142 na baterii odpowiedzia\u0142:<\/p>\n<p style=\"text-align: justify;\"><em>&#8222;I think given my own experience, and others around it, that you&#8217;re going to wind up charging it every day. Because you&#8217;re going to use it so much.&#8221;<\/em><\/p>\n<p style=\"text-align: justify;\">Jeden dzie\u0144 na baterii! W sumie wiedzia\u0142em, \u017ce tak b\u0119dzie ale spodziewa\u0142em si\u0119 wi\u0119cej. Co si\u0119 stanie je\u015bli b\u0119dziemy zegarka u\u017cywali bardziej ni\u017c intensywnie i roz\u0142aduje si\u0119 on nam w ci\u0105gu dnia? Z perspektywy zegarkowego fanboya i posiadacza kilku smart-zegark\u00f3w powiem Wam, \u017ce nie ma nic gorszego ni\u017c roz\u0142adowanie si\u0119 zegarka w ci\u0105gu dnia. Roz\u0142adowany zegarek jest du\u017co gorszy ni\u017c roz\u0142adowany telefon &#8230; i trudniejszy w na\u0142adowaniu. Apple Watch podobnie jak np Pebble b\u0119dzie mia\u0142 bardzo dziwny kabelek do \u0142adowania, prawdopodobnie b\u0119dziecie mieli taki tylko jeden. Prawdopodobnie nikt ze znajomych nie b\u0119dzie mi\u0105\u0142 podobnego. Prawdopodobnie zegarek w ko\u0144cu roz\u0142aduje si\u0119 Wam w ci\u0105gu dnia i wtedy prawdopodobnie trafi Was szlag. Mimo rosn\u0105cego\u00a0entuzjazmu dla tego produktu musz\u0119 z perspektywy u\u017cytkownika podobnych stwierdzi\u0107, \u017ce bateria potrafi zabi\u0107 &#8222;fun&#8221; z takiego produktu. Do dzi\u015b pami\u0119tam ten moment\u00a0w kt\u00f3rym moje Pebble pad\u0142o mi jako\u015b w \u015brodku dnia, nie ma nic gorszego ni\u017c patrzenie na wy\u0142\u0105czony wy\u015bwietlacz zegarka.<\/p>\n","protected":false},"excerpt":{"rendered":"<p>Na wspomnianej ju\u017c wpis wcze\u015bniej\u00a0konferencji WSJ.D zorganizowanej przez Wall Street Journal, Tim Cook m\u00f3wi\u0142 nie tylko o iPodzie classic, ale r\u00f3wnie\u017c o Apple Watch. Zapytany o to jak d\u0142ugo b\u0119dzie on pracowa\u0142 na baterii odpowiedzia\u0142: &#8222;I think given my own experience, and others around it, that you&#8217;re going to wind up charging it every day. [&hellip;]<\/p>\n","protected":false},"author":2,"featured_media":23068,"comment_status":"open","ping_status":"open","sticky":false,"template":"","format":"standard","meta":{"footnotes":""},"categories":[97,95],"tags":[],"aioseo_notices":[],"_links":{"self":[{"href":"https:\/\/www.ipod.info.pl\/index.php\/wp-json\/wp\/v2\/posts\/23066"}],"collection":[{"href":"https:\/\/www.ipod.info.pl\/index.php\/wp-json\/wp\/v2\/posts"}],"about":[{"href":"https:\/\/www.ipod.info.pl\/index.php\/wp-json\/wp\/v2\/types\/post"}],"author":[{"embeddable":true,"href":"https:\/\/www.ipod.info.pl\/index.php\/wp-json\/wp\/v2\/users\/2"}],"replies":[{"embeddable":true,"href":"https:\/\/www.ipod.info.pl\/index.php\/wp-json\/wp\/v2\/comments?post=23066"}],"version-history":[{"count":2,"href":"https:\/\/www.ipod.info.pl\/index.php\/wp-json\/wp\/v2\/posts\/23066\/revisions"}],"predecessor-version":[{"id":23070,"href":"https:\/\/www.ipod.info.pl\/index.php\/wp-json\/wp\/v2\/posts\/23066\/revisions\/23070"}],"wp:featuredmedia":[{"embeddable":true,"href":"https:\/\/www.ipod.info.pl\/index.php\/wp-json\/wp\/v2\/media\/23068"}],"wp:attachment":[{"href":"https:\/\/www.ipod.info.pl\/index.php\/wp-json\/wp\/v2\/media?parent=23066"}],"wp:term":[{"taxonomy":"category","embeddable":true,"href":"https:\/\/www.ipod.info.pl\/index.php\/wp-json\/wp\/v2\/categories?post=23066"},{"taxonomy":"post_tag","embeddable":true,"href":"https:\/\/www.ipod.info.pl\/index.php\/wp-json\/wp\/v2\/tags?post=23066"}],"curies":[{"name":"wp","href":"https:\/\/api.w.org\/{rel}","templated":true}]}}