{"id":23078,"date":"2014-10-31T00:33:14","date_gmt":"2014-10-30T22:33:14","guid":{"rendered":"http:\/\/www.ipod.info.pl\/?p=23078"},"modified":"2014-10-31T00:39:51","modified_gmt":"2014-10-30T22:39:51","slug":"2010-ipad-zamiast-laptopa-czy-zamiast-niczego","status":"publish","type":"post","link":"https:\/\/www.ipod.info.pl\/index.php\/2010-ipad-zamiast-laptopa-czy-zamiast-niczego\/","title":{"rendered":"Rok 2010 &#8211; iPad zamiast laptopa czy zamiast \u2026 niczego?"},"content":{"rendered":"<p style=\"text-align: justify;\">Cz\u0119sto r\u00f3\u017cnimy si\u0119 z <a href=\"http:\/\/www.makoweabc.pl\" target=\"_blank\">Wojtkiem<\/a> zdaniem na r\u00f3\u017cne tematy &#8211; zobaczcie jak by\u0142o przy okazji premiery iPada w roku 2010.<\/p>\n<p style=\"text-align: justify;\"><em>Wojtek:<\/em><br \/>\n<em> Nie wiem czy m\u00f3j misterny plan si\u0119 powiedzie, tym bardziej \u017ce dzisiaj przesuni\u0119ta zosta\u0142a premiera europejska iPada, ale czekam na poprawienie mankament\u00f3w software\u2019owych. A tymczasem b\u0119dzie mi s\u0142u\u017cy\u0142 do wszystkiego poza ambitniejszym pisaniem &#8230; No chyba, \u017ce kto\u015b zna jaki\u015b program, kt\u00f3ry uzupe\u0142ni mi polskie znaki? Nie?\u00a0Norbert, rozumiem, \u017ce Twoje podej\u015bcie si\u0119 nie zmieni i b\u0119dzie to zwyk\u0142y dodatek w domu, aby go\u015bcie mogli Ci pozazdro\u015bci\u0107 fajnej ramki na zdj\u0119cia?<\/em><\/p>\n<p style=\"text-align: justify;\"><em>Norbert:<\/em><br \/>\n<em> Bez przesady, a\u017c tak p\u0142ytko iPada nie traktuj\u0119, wr\u0119cz odwrotnie.\u00a0Dla mnie iPad niczego nie zast\u0119puje, on robi du\u017co wi\u0119cej tworzy now\u0105 przestrze\u0144 u\u017cyteczno\u015bci. B\u0119dziemy mogli go u\u017cywa\u0107 i dzi\u0119ki temu korzysta\u0107 z internetu w zupe\u0142nie nowych miejscach w kt\u00f3rych do tej pory sobie tego nie wyobra\u017cali\u015bmy. Dla przyk\u0142adu poddam Wam jedno zastosowanie kt\u00f3re wymy\u015bli\u0142em z koleg\u0105 &#8211; ch\u0119tnych producent\u00f3w zapraszam do mnie (adres w redakcji) i zastrzegam, \u017ce to ja wymy\u015bli\u0142em to zastosowanie.\u00a0Mianowicie uchwyt dla iPada na w\u00f3zek dzieci\u0119cy. Od\u00a0tej pory tatusiowie nie b\u0119d\u0105 chcieli wraca\u0107 z spacer\u00f3w z Swoimi pociechami. Do tego jednak lepiej mie\u0107 iPada z 3G.\u00a0Jestem przekonany, \u017ce takich nowych zastosowa\u0144 znajdziemy jeszcze setki i to w naprawd\u0119 zaskakuj\u0105cych miejscach.<\/em><\/p>\n","protected":false},"excerpt":{"rendered":"<p>Cz\u0119sto r\u00f3\u017cnimy si\u0119 z Wojtkiem zdaniem na r\u00f3\u017cne tematy &#8211; zobaczcie jak by\u0142o przy okazji premiery iPada w roku 2010. Wojtek: Nie wiem czy m\u00f3j misterny plan si\u0119 powiedzie, tym bardziej \u017ce dzisiaj przesuni\u0119ta zosta\u0142a premiera europejska iPada, ale czekam na poprawienie mankament\u00f3w software\u2019owych. A tymczasem b\u0119dzie mi s\u0142u\u017cy\u0142 do wszystkiego poza ambitniejszym pisaniem &#8230; [&hellip;]<\/p>\n","protected":false},"author":2,"featured_media":0,"comment_status":"open","ping_status":"open","sticky":false,"template":"","format":"standard","meta":{"footnotes":""},"categories":[55],"tags":[],"aioseo_notices":[],"_links":{"self":[{"href":"https:\/\/www.ipod.info.pl\/index.php\/wp-json\/wp\/v2\/posts\/23078"}],"collection":[{"href":"https:\/\/www.ipod.info.pl\/index.php\/wp-json\/wp\/v2\/posts"}],"about":[{"href":"https:\/\/www.ipod.info.pl\/index.php\/wp-json\/wp\/v2\/types\/post"}],"author":[{"embeddable":true,"href":"https:\/\/www.ipod.info.pl\/index.php\/wp-json\/wp\/v2\/users\/2"}],"replies":[{"embeddable":true,"href":"https:\/\/www.ipod.info.pl\/index.php\/wp-json\/wp\/v2\/comments?post=23078"}],"version-history":[{"count":3,"href":"https:\/\/www.ipod.info.pl\/index.php\/wp-json\/wp\/v2\/posts\/23078\/revisions"}],"predecessor-version":[{"id":23081,"href":"https:\/\/www.ipod.info.pl\/index.php\/wp-json\/wp\/v2\/posts\/23078\/revisions\/23081"}],"wp:attachment":[{"href":"https:\/\/www.ipod.info.pl\/index.php\/wp-json\/wp\/v2\/media?parent=23078"}],"wp:term":[{"taxonomy":"category","embeddable":true,"href":"https:\/\/www.ipod.info.pl\/index.php\/wp-json\/wp\/v2\/categories?post=23078"},{"taxonomy":"post_tag","embeddable":true,"href":"https:\/\/www.ipod.info.pl\/index.php\/wp-json\/wp\/v2\/tags?post=23078"}],"curies":[{"name":"wp","href":"https:\/\/api.w.org\/{rel}","templated":true}]}}