{"id":24100,"date":"2015-07-22T21:12:12","date_gmt":"2015-07-22T19:12:12","guid":{"rendered":"http:\/\/www.ipod.info.pl\/?p=24100"},"modified":"2015-07-22T21:14:39","modified_gmt":"2015-07-22T19:14:39","slug":"iphone-6s-podsumowanie-plotek","status":"publish","type":"post","link":"https:\/\/www.ipod.info.pl\/index.php\/iphone-6s-podsumowanie-plotek\/","title":{"rendered":"iPhone 6s podsumowanie plotek"},"content":{"rendered":"<p style=\"text-align: justify;\">Do premiery iPhone&#8217;a 6s jest coraz mniej czasu, plotek i informacji na jego temat jest ju\u017c ca\u0142kiem sporo i mo\u017cemy sobie z\u0142o\u017cy\u0107 je w finalny produkt. Prezentacji telefonu mo\u017cemy spodziewa\u0107 si\u0119 8 wrze\u015bnia, <a href=\"http:\/\/imagazine.pl\/2015\/06\/07\/wyciekla-data-premiery-iphone-6s\/\" target=\"_blank\">start preorder\u00f3w 18 wrze\u015bnia<\/a> i dost\u0119pno\u015bci w sklepach 25 wrze\u015bnia.<\/p>\n<p style=\"text-align: justify;\">Zewn\u0119trznie nowy iPhone b\u0119dzie wygl\u0105da\u0142 prawie identycznie jak model obecny, potwierdza to <a href=\"http:\/\/www.nowhereelse.fr\/iphone-6s-plus-photos-coque-or-108507\/\" target=\"_blank\">obudowa kt\u00f3ra wyciek\u0142a<\/a> jaki\u015b czas temu. Wygl\u0105da prawie identycznie jak ta z iPhone 6, r\u00f3\u017cnice bardzo drobne, ale obudowa ma by\u0107 zbudowana z innego stopu i by\u0107 przez to bardziej odporna na wyginanie. Pocz\u0105tkowo pojawia\u0142y si\u0119 plotki, \u017ce nie b\u0119dzie tym razem wersji 6s Plus, ale pojawi\u0142y si\u0119 zdj\u0119cia obudowy tego modelu wi\u0119c o jego prezentacj\u0119 nie ma si\u0119 martwi\u0107. Ciekaw\u0105 plotk\u0105,\u00a0kt\u00f3rej nie jestem pewien jest to, \u017ce\u00a0ma si\u0119 pojawi\u0107 te\u017c nowy, znany z Apple Watch kolor czyli r\u00f3\u017cowe z\u0142oto.<\/p>\n<p style=\"text-align: justify;\">W \u015brodku znajdziemy procesor A9, 2 GB pami\u0119ci RAM i lepszy aparat o matrycy 12 megapikseli. Zmian ma si\u0119 doczeka\u0107 te\u017c Touch ID oraz warstwa dotykowa wy\u015bwietlacza, kt\u00f3ra b\u0119dzie obs\u0142ugiwa\u0142a znan\u0105 z Apple Watcha technologi\u0119 Force Touch. Ciekaw\u0105 informacj\u0105 jest ta o prawdopodobnych\u00a0<a href=\"http:\/\/9to5mac.com\/2015\/07\/20\/sketchy-chinese-report-claims-iphone-6s-will-drop-16-gb-storage-option-instead-start-at-32-gb\/\" target=\"_blank\">pojemno\u015bciach pami\u0119ci wewn\u0119trznej<\/a>. Podobno tym razem nie b\u0119dzie wersji o pojemno\u015bci 16 GB, kt\u00f3ra zostanie zast\u0105piona przez 32 GB, inne pojemno\u015bci zostan\u0105 bez zmian czyli 64 GB i 128 GB. Cenowo wersja 32 GB mo\u017ce by\u0107 dro\u017csza o 50$ ni\u017c obecna wersja 16 GB.<\/p>\n<p style=\"text-align: justify;\">Chyba najbardziej w tej konfiguracji czekam na Force Touch, ca\u0142a reszta do dopieszczanie konstrukcji. Wczorajsze przedstawione <a href=\"http:\/\/imagazine.pl\/2015\/07\/22\/wyniki-finansowe-apple-za-q3-2015\/\" target=\"_blank\">wyniki finansowe Apple za Q3 2015<\/a> pokazuj\u0105 jak wa\u017cnym produktem dla firmy jest iPhone. Czy te modyfikacje wystarcz\u0105 aby by\u0142 kur\u0105 znosz\u0105c\u0105 z\u0142ote jajka przez kolejny rok?<\/p>\n","protected":false},"excerpt":{"rendered":"<p>Do premiery iPhone&#8217;a 6s jest coraz mniej czasu, plotek i informacji na jego temat jest ju\u017c ca\u0142kiem sporo i mo\u017cemy sobie z\u0142o\u017cy\u0107 je w finalny produkt. Prezentacji telefonu mo\u017cemy spodziewa\u0107 si\u0119 8 wrze\u015bnia, start preorder\u00f3w 18 wrze\u015bnia i dost\u0119pno\u015bci w sklepach 25 wrze\u015bnia. Zewn\u0119trznie nowy iPhone b\u0119dzie wygl\u0105da\u0142 prawie identycznie jak model obecny, potwierdza to [&hellip;]<\/p>\n","protected":false},"author":2,"featured_media":24102,"comment_status":"open","ping_status":"open","sticky":false,"template":"","format":"standard","meta":{"footnotes":""},"categories":[16,111],"tags":[],"aioseo_notices":[],"_links":{"self":[{"href":"https:\/\/www.ipod.info.pl\/index.php\/wp-json\/wp\/v2\/posts\/24100"}],"collection":[{"href":"https:\/\/www.ipod.info.pl\/index.php\/wp-json\/wp\/v2\/posts"}],"about":[{"href":"https:\/\/www.ipod.info.pl\/index.php\/wp-json\/wp\/v2\/types\/post"}],"author":[{"embeddable":true,"href":"https:\/\/www.ipod.info.pl\/index.php\/wp-json\/wp\/v2\/users\/2"}],"replies":[{"embeddable":true,"href":"https:\/\/www.ipod.info.pl\/index.php\/wp-json\/wp\/v2\/comments?post=24100"}],"version-history":[{"count":5,"href":"https:\/\/www.ipod.info.pl\/index.php\/wp-json\/wp\/v2\/posts\/24100\/revisions"}],"predecessor-version":[{"id":24110,"href":"https:\/\/www.ipod.info.pl\/index.php\/wp-json\/wp\/v2\/posts\/24100\/revisions\/24110"}],"wp:featuredmedia":[{"embeddable":true,"href":"https:\/\/www.ipod.info.pl\/index.php\/wp-json\/wp\/v2\/media\/24102"}],"wp:attachment":[{"href":"https:\/\/www.ipod.info.pl\/index.php\/wp-json\/wp\/v2\/media?parent=24100"}],"wp:term":[{"taxonomy":"category","embeddable":true,"href":"https:\/\/www.ipod.info.pl\/index.php\/wp-json\/wp\/v2\/categories?post=24100"},{"taxonomy":"post_tag","embeddable":true,"href":"https:\/\/www.ipod.info.pl\/index.php\/wp-json\/wp\/v2\/tags?post=24100"}],"curies":[{"name":"wp","href":"https:\/\/api.w.org\/{rel}","templated":true}]}}