{"id":24271,"date":"2015-09-21T22:53:58","date_gmt":"2015-09-21T20:53:58","guid":{"rendered":"http:\/\/www.ipod.info.pl\/?p=24271"},"modified":"2015-09-21T23:00:03","modified_gmt":"2015-09-21T21:00:03","slug":"watchos-2-0-z-5-dniowym-opoznieniem","status":"publish","type":"post","link":"https:\/\/www.ipod.info.pl\/index.php\/watchos-2-0-z-5-dniowym-opoznieniem\/","title":{"rendered":"watchOS 2.0 &#8211; z 5 dniowym op\u00f3\u017anieniem"},"content":{"rendered":"<p style=\"text-align: justify;\">Dzisiaj, z pi\u0119ciodniowym op\u00f3\u017anieniem pojawi\u0142 si\u0119\u00a0<span class=\"hiddenSpellError\">watchOS<\/span>\u00a02. Mia\u0142 pojawi\u0107 si\u0119 16 wrze\u015bnia wraz z\u00a0<span class=\"hiddenSpellError\">iOS<\/span>\u00a09, ale z powodu jakiego\u015b tajemniczego b\u0142\u0119du zosta\u0142a wstrzymana.\u00a0Poprawki, kt\u00f3re\u00a0trwa\u0142y wspomniane pi\u0119\u0107 dni przynios\u0142y zmian\u0119 z\u00a0<span class=\"hiddenSpellError\">buildu<\/span>\u00a013S343, kt\u00f3ry\u00a0by\u0142 wersj\u0105 Golden Master na 13S344. Update z wersji GM na finaln\u0105 zajmowa\u0142 12,4 MB. Bardzo ch\u0119tnie bym si\u0119\u00a0dowiedzia\u0142, jaki\u00a0b\u0142\u0105d by\u0142 przyczyn\u0105 wstrzymania aktualizacji. Aktualizacj\u0119 mo\u017cecie przeprowadzi\u0107 z aplikacji Zegarek na waszym iPhone &#8211; wybieracie opcj\u0119 &#8222;Og\u00f3lne -&gt; Uaktualnienia&#8221;, w czasie aktualizacji zegarek musi by\u0107 na sta\u0142e podpi\u0119ty do \u0142adowarki.<\/p>\n<p style=\"text-align: justify;\">O\u00a0zmianach, jakie\u00a0s\u0105 w\u00a0<span class=\"hiddenSpellError\">watchOS<\/span>\u00a02 mogli\u015bcie <a href=\"http:\/\/www.ipod.info.pl\/?s=%22watchos+2%22\" target=\"_blank\">ju\u017c przeczyta\u0144 na blogu<\/a>, jednak najwa\u017cniejsz\u0105 jest mo\u017cliwo\u015b\u0107 pisania przez developer\u00f3w aplikacji uruchamianych bezpo\u015brednio na zegarku, a nie na telefonie oraz dost\u0119p z poziomu aplikacji do czujnik\u00f3w w zegarku takich jak akcelerometr, \u017cyroskop i czujnik t\u0119tna. Pojawi\u0142 si\u0119 te\u017c polski interfejs u\u017cytkownika oraz pe\u0142ne wsparcie dla dyktowania po Polsku. Wed\u0142ug moich \u017ar\u00f3de\u0142 Apple\u00a0<span class=\"hiddenSpellError\">Watch<\/span>\u00a0by\u0142yby od kilku dni w\u00a0Polsce, gdyby\u00a0nie to, \u017ce soft\u00a0<span class=\"hiddenSpellError\">watchOS<\/span>\u00a02 zosta\u0142 wstrzymany, podobno zegarki z preinstalowan\u0105 now\u0105 wersj\u0105 systemu maj\u0105 si\u0119 pojawi\u0107 w Polsce w przysz\u0142ym tygodniu. Teraz tylko czeka\u0107 na nowe aplikacje wykorzystuj\u0105ce nowy system.<\/p>\n<p style=\"text-align: center;\"><div id=\"polls-43\" class=\"wp-polls\">\n\t<form id=\"polls_form_43\" class=\"wp-polls-form\" action=\"\/index.php\" method=\"post\">\n\t\t<p style=\"display: none;\"><input type=\"hidden\" id=\"poll_43_nonce\" name=\"wp-polls-nonce\" value=\"6479df7841\" \/><\/p>\n\t\t<p style=\"display: none;\"><input type=\"hidden\" name=\"poll_id\" value=\"43\" \/><\/p>\n\t\t<p style=\"text-align: center;\"><strong>Czy masz Apple Watch?<\/strong><\/p><div id=\"polls-43-ans\" class=\"wp-polls-ans\"><ul class=\"wp-polls-ul\">\n\t\t<li><input type=\"radio\" id=\"poll-answer-252\" name=\"poll_43\" value=\"252\" \/> <label for=\"poll-answer-252\">Tak<\/label><\/li>\n\t\t<li><input type=\"radio\" id=\"poll-answer-253\" name=\"poll_43\" value=\"253\" \/> <label for=\"poll-answer-253\">Nie i nie chc\u0119<\/label><\/li>\n\t\t<li><input type=\"radio\" id=\"poll-answer-254\" name=\"poll_43\" value=\"254\" \/> <label for=\"poll-answer-254\">Mo\u017ce teraz kupi\u0119 bo b\u0119dzie w PL<\/label><\/li>\n\t\t<li><input type=\"radio\" id=\"poll-answer-255\" name=\"poll_43\" value=\"255\" \/> <label for=\"poll-answer-255\">Czekam na kolejn\u0105 generacj\u0119<\/label><\/li>\n\t\t<\/ul><p style=\"text-align: center;\"><input type=\"button\" name=\"vote\" value=\"   G\u0142osuj   \" class=\"Buttons\" data-poll-id=\"43\" data-poll-action=\"vote\" onkeypress=\"poll_result(43);\" \/><\/p><p style=\"text-align: center;\"><a href=\"#ViewPollResults\" data-poll-id=\"43\" data-poll-action=\"result\" onkeypress=\"poll_result(43); return false;\" title=\"Zobacz wyniki\">Zobacz wyniki<\/a><\/p><\/div>\n\t<\/form>\n<\/div>\n<div id=\"polls-43-loading\" class=\"wp-polls wp-polls-loading\"><span class=\"wp-polls-spinner\" aria-hidden=\"true\"><\/span> Loading ...<\/div>\n<\/p>\n","protected":false},"excerpt":{"rendered":"<p>Dzisiaj, z pi\u0119ciodniowym op\u00f3\u017anieniem pojawi\u0142 si\u0119\u00a0watchOS\u00a02. Mia\u0142 pojawi\u0107 si\u0119 16 wrze\u015bnia wraz z\u00a0iOS\u00a09, ale z powodu jakiego\u015b tajemniczego b\u0142\u0119du zosta\u0142a wstrzymana.\u00a0Poprawki, kt\u00f3re\u00a0trwa\u0142y wspomniane pi\u0119\u0107 dni przynios\u0142y zmian\u0119 z\u00a0buildu\u00a013S343, kt\u00f3ry\u00a0by\u0142 wersj\u0105 Golden Master na 13S344. Update z wersji GM na finaln\u0105 zajmowa\u0142 12,4 MB. Bardzo ch\u0119tnie bym si\u0119\u00a0dowiedzia\u0142, jaki\u00a0b\u0142\u0105d by\u0142 przyczyn\u0105 wstrzymania aktualizacji. Aktualizacj\u0119 mo\u017cecie przeprowadzi\u0107 [&hellip;]<\/p>\n","protected":false},"author":2,"featured_media":24217,"comment_status":"open","ping_status":"open","sticky":false,"template":"","format":"standard","meta":{"footnotes":""},"categories":[97],"tags":[],"class_list":["post-24271","post","type-post","status-publish","format-standard","has-post-thumbnail","hentry","category-applewatch"],"aioseo_notices":[],"aioseo_head":"\n\t\t<!-- All in One SEO 5.0.0.1 - aioseo.com -->\n\t<meta name=\"robots\" content=\"max-image-preview:large\" \/>\n\t<meta name=\"author\" content=\"norbi\"\/>\n\t<link rel=\"canonical\" href=\"https:\/\/www.ipod.info.pl\/index.php\/watchos-2-0-z-5-dniowym-opoznieniem\/\" \/>\n\t<meta name=\"generator\" content=\"All in One SEO (AIOSEO) 5.0.0.1\" \/>\n\t\t<meta property=\"og:locale\" content=\"pl_PL\" \/>\n\t\t<meta property=\"og:site_name\" content=\"iPod.info.pl \u2014 iPod, iPad, iPhone, iBlog | iPod, iPad, iPhone, iPhone 3G, iPhone 3GS, iPhone 4, Apple TV\" \/>\n\t\t<meta property=\"og:type\" content=\"article\" \/>\n\t\t<meta property=\"og:title\" content=\"watchOS 2.0 \u2013 z 5 dniowym op\u00f3\u017anieniem | iPod.info.pl \u2014 iPod, iPad, iPhone, iBlog\" \/>\n\t\t<meta property=\"og:url\" content=\"https:\/\/www.ipod.info.pl\/index.php\/watchos-2-0-z-5-dniowym-opoznieniem\/\" \/>\n\t\t<meta property=\"article:published_time\" content=\"2015-09-21T20:53:58+00:00\" \/>\n\t\t<meta property=\"article:modified_time\" content=\"2015-09-21T21:00:03+00:00\" \/>\n\t\t<meta name=\"twitter:card\" content=\"summary_large_image\" \/>\n\t\t<meta name=\"twitter:title\" content=\"watchOS 2.0 \u2013 z 5 dniowym op\u00f3\u017anieniem | iPod.info.pl \u2014 iPod, iPad, iPhone, iBlog\" \/>\n\t\t<script type=\"application\/ld+json\" class=\"aioseo-schema\">\n\t\t\t{\"@context\":\"https:\\\/\\\/schema.org\",\"@graph\":[{\"@type\":\"Article\",\"@id\":\"https:\\\/\\\/www.ipod.info.pl\\\/index.php\\\/watchos-2-0-z-5-dniowym-opoznieniem\\\/#article\",\"name\":\"watchOS 2.0 \\u2013 z 5 dniowym op\\u00f3\\u017anieniem | iPod.info.pl \\u2014 iPod, iPad, iPhone, iBlog\",\"headline\":\"watchOS 2.0 &#8211; z 5 dniowym op\\u00f3\\u017anieniem\",\"author\":{\"@id\":\"https:\\\/\\\/www.ipod.info.pl\\\/index.php\\\/author\\\/norbi\\\/#author\"},\"publisher\":{\"@id\":\"https:\\\/\\\/www.ipod.info.pl\\\/#organization\"},\"image\":{\"@type\":\"ImageObject\",\"url\":\"https:\\\/\\\/www.ipod.info.pl\\\/wp-content\\\/uploads\\\/2015\\\/09\\\/watchos-2-po-polsku.jpg\",\"width\":1560,\"height\":1170},\"datePublished\":\"2015-09-21T22:53:58+02:00\",\"dateModified\":\"2015-09-21T23:00:03+02:00\",\"inLanguage\":\"pl-PL\",\"commentCount\":40,\"mainEntityOfPage\":{\"@id\":\"https:\\\/\\\/www.ipod.info.pl\\\/index.php\\\/watchos-2-0-z-5-dniowym-opoznieniem\\\/#webpage\"},\"isPartOf\":{\"@id\":\"https:\\\/\\\/www.ipod.info.pl\\\/index.php\\\/watchos-2-0-z-5-dniowym-opoznieniem\\\/#webpage\"},\"articleSection\":\"Apple Watch\"},{\"@type\":\"BreadcrumbList\",\"@id\":\"https:\\\/\\\/www.ipod.info.pl\\\/index.php\\\/watchos-2-0-z-5-dniowym-opoznieniem\\\/#breadcrumblist\",\"itemListElement\":[{\"@type\":\"ListItem\",\"@id\":\"https:\\\/\\\/www.ipod.info.pl#listItem\",\"position\":1,\"name\":\"Dom\",\"item\":\"https:\\\/\\\/www.ipod.info.pl\",\"nextItem\":{\"@type\":\"ListItem\",\"@id\":\"https:\\\/\\\/www.ipod.info.pl\\\/index.php\\\/category\\\/applewatch\\\/#listItem\",\"name\":\"Apple Watch\"}},{\"@type\":\"ListItem\",\"@id\":\"https:\\\/\\\/www.ipod.info.pl\\\/index.php\\\/category\\\/applewatch\\\/#listItem\",\"position\":2,\"name\":\"Apple Watch\",\"item\":\"https:\\\/\\\/www.ipod.info.pl\\\/index.php\\\/category\\\/applewatch\\\/\",\"nextItem\":{\"@type\":\"ListItem\",\"@id\":\"https:\\\/\\\/www.ipod.info.pl\\\/index.php\\\/watchos-2-0-z-5-dniowym-opoznieniem\\\/#listItem\",\"name\":\"watchOS 2.0 &#8211; z 5 dniowym op\\u00f3\\u017anieniem\"},\"previousItem\":{\"@type\":\"ListItem\",\"@id\":\"https:\\\/\\\/www.ipod.info.pl#listItem\",\"name\":\"Dom\"}},{\"@type\":\"ListItem\",\"@id\":\"https:\\\/\\\/www.ipod.info.pl\\\/index.php\\\/watchos-2-0-z-5-dniowym-opoznieniem\\\/#listItem\",\"position\":3,\"name\":\"watchOS 2.0 &#8211; z 5 dniowym op\\u00f3\\u017anieniem\",\"previousItem\":{\"@type\":\"ListItem\",\"@id\":\"https:\\\/\\\/www.ipod.info.pl\\\/index.php\\\/category\\\/applewatch\\\/#listItem\",\"name\":\"Apple Watch\"}}]},{\"@type\":\"Organization\",\"@id\":\"https:\\\/\\\/www.ipod.info.pl\\\/#organization\",\"name\":\"iPod.info.pl \\u2014 iPod, iPad, iPhone, iBlog\",\"description\":\"iPod, iPad, iPhone, iPhone 3G, iPhone 3GS, iPhone 4, Apple TV\",\"url\":\"https:\\\/\\\/www.ipod.info.pl\\\/\"},{\"@type\":\"Person\",\"@id\":\"https:\\\/\\\/www.ipod.info.pl\\\/index.php\\\/author\\\/norbi\\\/#author\",\"url\":\"https:\\\/\\\/www.ipod.info.pl\\\/index.php\\\/author\\\/norbi\\\/\",\"name\":\"norbi\"},{\"@type\":\"WebPage\",\"@id\":\"https:\\\/\\\/www.ipod.info.pl\\\/index.php\\\/watchos-2-0-z-5-dniowym-opoznieniem\\\/#webpage\",\"url\":\"https:\\\/\\\/www.ipod.info.pl\\\/index.php\\\/watchos-2-0-z-5-dniowym-opoznieniem\\\/\",\"name\":\"watchOS 2.0 \\u2013 z 5 dniowym op\\u00f3\\u017anieniem | iPod.info.pl \\u2014 iPod, iPad, iPhone, iBlog\",\"inLanguage\":\"pl-PL\",\"isPartOf\":{\"@id\":\"https:\\\/\\\/www.ipod.info.pl\\\/#website\"},\"breadcrumb\":{\"@id\":\"https:\\\/\\\/www.ipod.info.pl\\\/index.php\\\/watchos-2-0-z-5-dniowym-opoznieniem\\\/#breadcrumblist\"},\"author\":{\"@id\":\"https:\\\/\\\/www.ipod.info.pl\\\/index.php\\\/author\\\/norbi\\\/#author\"},\"creator\":{\"@id\":\"https:\\\/\\\/www.ipod.info.pl\\\/index.php\\\/author\\\/norbi\\\/#author\"},\"image\":{\"@type\":\"ImageObject\",\"url\":\"https:\\\/\\\/www.ipod.info.pl\\\/wp-content\\\/uploads\\\/2015\\\/09\\\/watchos-2-po-polsku.jpg\",\"@id\":\"https:\\\/\\\/www.ipod.info.pl\\\/index.php\\\/watchos-2-0-z-5-dniowym-opoznieniem\\\/#mainImage\",\"width\":1560,\"height\":1170},\"primaryImageOfPage\":{\"@id\":\"https:\\\/\\\/www.ipod.info.pl\\\/index.php\\\/watchos-2-0-z-5-dniowym-opoznieniem\\\/#mainImage\"},\"datePublished\":\"2015-09-21T22:53:58+02:00\",\"dateModified\":\"2015-09-21T23:00:03+02:00\"},{\"@type\":\"WebSite\",\"@id\":\"https:\\\/\\\/www.ipod.info.pl\\\/#website\",\"url\":\"https:\\\/\\\/www.ipod.info.pl\\\/\",\"name\":\"iPod.info.pl \\u2014 iPod, iPad, iPhone, iBlog\",\"description\":\"iPod, iPad, iPhone, iPhone 3G, iPhone 3GS, iPhone 4, Apple TV\",\"inLanguage\":\"pl-PL\",\"publisher\":{\"@id\":\"https:\\\/\\\/www.ipod.info.pl\\\/#organization\"}}]}\n\t\t<\/script>\n\t\t<!-- All in One SEO -->\n\n","aioseo_head_json":{"title":"watchOS 2.0 \u2013 z 5 dniowym op\u00f3\u017anieniem | iPod.info.pl \u2014 iPod, iPad, iPhone, iBlog","description":"","canonical_url":"https:\/\/www.ipod.info.pl\/index.php\/watchos-2-0-z-5-dniowym-opoznieniem\/","robots":"max-image-preview:large","keywords":"","webmasterTools":{"miscellaneous":""},"schema":{"@context":"https:\/\/schema.org","@graph":[{"@type":"Article","@id":"https:\/\/www.ipod.info.pl\/index.php\/watchos-2-0-z-5-dniowym-opoznieniem\/#article","name":"watchOS 2.0 \u2013 z 5 dniowym op\u00f3\u017anieniem | iPod.info.pl \u2014 iPod, iPad, iPhone, iBlog","headline":"watchOS 2.0 &#8211; z 5 dniowym op\u00f3\u017anieniem","author":{"@id":"https:\/\/www.ipod.info.pl\/index.php\/author\/norbi\/#author"},"publisher":{"@id":"https:\/\/www.ipod.info.pl\/#organization"},"image":{"@type":"ImageObject","url":"https:\/\/www.ipod.info.pl\/wp-content\/uploads\/2015\/09\/watchos-2-po-polsku.jpg","width":1560,"height":1170},"datePublished":"2015-09-21T22:53:58+02:00","dateModified":"2015-09-21T23:00:03+02:00","inLanguage":"pl-PL","commentCount":40,"mainEntityOfPage":{"@id":"https:\/\/www.ipod.info.pl\/index.php\/watchos-2-0-z-5-dniowym-opoznieniem\/#webpage"},"isPartOf":{"@id":"https:\/\/www.ipod.info.pl\/index.php\/watchos-2-0-z-5-dniowym-opoznieniem\/#webpage"},"articleSection":"Apple Watch"},{"@type":"BreadcrumbList","@id":"https:\/\/www.ipod.info.pl\/index.php\/watchos-2-0-z-5-dniowym-opoznieniem\/#breadcrumblist","itemListElement":[{"@type":"ListItem","@id":"https:\/\/www.ipod.info.pl#listItem","position":1,"name":"Dom","item":"https:\/\/www.ipod.info.pl","nextItem":{"@type":"ListItem","@id":"https:\/\/www.ipod.info.pl\/index.php\/category\/applewatch\/#listItem","name":"Apple Watch"}},{"@type":"ListItem","@id":"https:\/\/www.ipod.info.pl\/index.php\/category\/applewatch\/#listItem","position":2,"name":"Apple Watch","item":"https:\/\/www.ipod.info.pl\/index.php\/category\/applewatch\/","nextItem":{"@type":"ListItem","@id":"https:\/\/www.ipod.info.pl\/index.php\/watchos-2-0-z-5-dniowym-opoznieniem\/#listItem","name":"watchOS 2.0 &#8211; z 5 dniowym op\u00f3\u017anieniem"},"previousItem":{"@type":"ListItem","@id":"https:\/\/www.ipod.info.pl#listItem","name":"Dom"}},{"@type":"ListItem","@id":"https:\/\/www.ipod.info.pl\/index.php\/watchos-2-0-z-5-dniowym-opoznieniem\/#listItem","position":3,"name":"watchOS 2.0 &#8211; z 5 dniowym op\u00f3\u017anieniem","previousItem":{"@type":"ListItem","@id":"https:\/\/www.ipod.info.pl\/index.php\/category\/applewatch\/#listItem","name":"Apple Watch"}}]},{"@type":"Organization","@id":"https:\/\/www.ipod.info.pl\/#organization","name":"iPod.info.pl \u2014 iPod, iPad, iPhone, iBlog","description":"iPod, iPad, iPhone, iPhone 3G, iPhone 3GS, iPhone 4, Apple TV","url":"https:\/\/www.ipod.info.pl\/"},{"@type":"Person","@id":"https:\/\/www.ipod.info.pl\/index.php\/author\/norbi\/#author","url":"https:\/\/www.ipod.info.pl\/index.php\/author\/norbi\/","name":"norbi"},{"@type":"WebPage","@id":"https:\/\/www.ipod.info.pl\/index.php\/watchos-2-0-z-5-dniowym-opoznieniem\/#webpage","url":"https:\/\/www.ipod.info.pl\/index.php\/watchos-2-0-z-5-dniowym-opoznieniem\/","name":"watchOS 2.0 \u2013 z 5 dniowym op\u00f3\u017anieniem | iPod.info.pl \u2014 iPod, iPad, iPhone, iBlog","inLanguage":"pl-PL","isPartOf":{"@id":"https:\/\/www.ipod.info.pl\/#website"},"breadcrumb":{"@id":"https:\/\/www.ipod.info.pl\/index.php\/watchos-2-0-z-5-dniowym-opoznieniem\/#breadcrumblist"},"author":{"@id":"https:\/\/www.ipod.info.pl\/index.php\/author\/norbi\/#author"},"creator":{"@id":"https:\/\/www.ipod.info.pl\/index.php\/author\/norbi\/#author"},"image":{"@type":"ImageObject","url":"https:\/\/www.ipod.info.pl\/wp-content\/uploads\/2015\/09\/watchos-2-po-polsku.jpg","@id":"https:\/\/www.ipod.info.pl\/index.php\/watchos-2-0-z-5-dniowym-opoznieniem\/#mainImage","width":1560,"height":1170},"primaryImageOfPage":{"@id":"https:\/\/www.ipod.info.pl\/index.php\/watchos-2-0-z-5-dniowym-opoznieniem\/#mainImage"},"datePublished":"2015-09-21T22:53:58+02:00","dateModified":"2015-09-21T23:00:03+02:00"},{"@type":"WebSite","@id":"https:\/\/www.ipod.info.pl\/#website","url":"https:\/\/www.ipod.info.pl\/","name":"iPod.info.pl \u2014 iPod, iPad, iPhone, iBlog","description":"iPod, iPad, iPhone, iPhone 3G, iPhone 3GS, iPhone 4, Apple TV","inLanguage":"pl-PL","publisher":{"@id":"https:\/\/www.ipod.info.pl\/#organization"}}]},"og:locale":"pl_PL","og:site_name":"iPod.info.pl \u2014 iPod, iPad, iPhone, iBlog | iPod, iPad, iPhone, iPhone 3G, iPhone 3GS, iPhone 4, Apple TV","og:type":"article","og:title":"watchOS 2.0 \u2013 z 5 dniowym op\u00f3\u017anieniem | iPod.info.pl \u2014 iPod, iPad, iPhone, iBlog","og:url":"https:\/\/www.ipod.info.pl\/index.php\/watchos-2-0-z-5-dniowym-opoznieniem\/","article:published_time":"2015-09-21T20:53:58+00:00","article:modified_time":"2015-09-21T21:00:03+00:00","twitter:card":"summary_large_image","twitter:title":"watchOS 2.0 \u2013 z 5 dniowym op\u00f3\u017anieniem | iPod.info.pl \u2014 iPod, iPad, iPhone, iBlog"},"aioseo_meta_data":{"post_id":"24271","title":null,"description":null,"keywords":null,"keyphrases":null,"primary_term":null,"canonical_url":null,"og_title":null,"og_description":null,"og_object_type":"default","og_image_type":"default","og_image_url":null,"og_image_width":null,"og_image_height":null,"og_image_custom_url":null,"og_image_custom_fields":null,"og_video":null,"og_custom_url":null,"og_article_section":null,"og_article_tags":null,"twitter_use_og":false,"twitter_card":"default","twitter_image_type":"default","twitter_image_url":null,"twitter_image_custom_url":null,"twitter_image_custom_fields":null,"twitter_title":null,"twitter_description":null,"schema":{"blockGraphs":[],"customGraphs":[],"default":{"data":{"Article":[],"Course":[],"Dataset":[],"FAQPage":[],"Movie":[],"Person":[],"Product":[],"ProductReview":[],"Car":[],"Recipe":[],"Service":[],"SoftwareApplication":[],"WebPage":[]},"graphName":"","isEnabled":true},"graphs":[]},"schema_type":"default","schema_type_options":null,"pillar_content":false,"robots_default":true,"robots_noindex":false,"robots_noarchive":false,"robots_nosnippet":false,"robots_nofollow":false,"robots_noimageindex":false,"robots_noodp":false,"robots_notranslate":false,"robots_max_snippet":null,"robots_max_videopreview":null,"robots_max_imagepreview":"large","priority":null,"frequency":null,"local_seo":null,"limit_modified_date":false,"created":"2024-07-03 12:34:10","updated":"2026-08-13 23:52:28","focus_keyword":null,"additional_keywords":null,"truseo_locale":null,"ai":null,"breadcrumb_settings":null,"seo_analyzer_scan_date":null},"aioseo_breadcrumb":"<div class=\"aioseo-breadcrumbs\"><span class=\"aioseo-breadcrumb\">\n\t\t\t<a href=\"https:\/\/www.ipod.info.pl\" title=\"Dom\">Dom<\/a>\n\t\t<\/span><span class=\"aioseo-breadcrumb-separator\">&raquo;<\/span><span class=\"aioseo-breadcrumb\">\n\t\t\t<a href=\"https:\/\/www.ipod.info.pl\/index.php\/category\/applewatch\/\" title=\"Apple Watch\">Apple Watch<\/a>\n\t\t<\/span><span class=\"aioseo-breadcrumb-separator\">&raquo;<\/span><span class=\"aioseo-breadcrumb\">\n\t\t\twatchOS 2.0 \u2013 z 5 dniowym op\u00f3\u017anieniem\n\t\t<\/span><\/div>","aioseo_breadcrumb_json":[{"label":"Dom","link":"https:\/\/www.ipod.info.pl"},{"label":"Apple Watch","link":"https:\/\/www.ipod.info.pl\/index.php\/category\/applewatch\/"},{"label":"watchOS 2.0 &#8211; z 5 dniowym op\u00f3\u017anieniem","link":"https:\/\/www.ipod.info.pl\/index.php\/watchos-2-0-z-5-dniowym-opoznieniem\/"}],"_links":{"self":[{"href":"https:\/\/www.ipod.info.pl\/index.php\/wp-json\/wp\/v2\/posts\/24271","targetHints":{"allow":["GET"]}}],"collection":[{"href":"https:\/\/www.ipod.info.pl\/index.php\/wp-json\/wp\/v2\/posts"}],"about":[{"href":"https:\/\/www.ipod.info.pl\/index.php\/wp-json\/wp\/v2\/types\/post"}],"author":[{"embeddable":true,"href":"https:\/\/www.ipod.info.pl\/index.php\/wp-json\/wp\/v2\/users\/2"}],"replies":[{"embeddable":true,"href":"https:\/\/www.ipod.info.pl\/index.php\/wp-json\/wp\/v2\/comments?post=24271"}],"version-history":[{"count":6,"href":"https:\/\/www.ipod.info.pl\/index.php\/wp-json\/wp\/v2\/posts\/24271\/revisions"}],"predecessor-version":[{"id":24278,"href":"https:\/\/www.ipod.info.pl\/index.php\/wp-json\/wp\/v2\/posts\/24271\/revisions\/24278"}],"wp:featuredmedia":[{"embeddable":true,"href":"https:\/\/www.ipod.info.pl\/index.php\/wp-json\/wp\/v2\/media\/24217"}],"wp:attachment":[{"href":"https:\/\/www.ipod.info.pl\/index.php\/wp-json\/wp\/v2\/media?parent=24271"}],"wp:term":[{"taxonomy":"category","embeddable":true,"href":"https:\/\/www.ipod.info.pl\/index.php\/wp-json\/wp\/v2\/categories?post=24271"},{"taxonomy":"post_tag","embeddable":true,"href":"https:\/\/www.ipod.info.pl\/index.php\/wp-json\/wp\/v2\/tags?post=24271"}],"curies":[{"name":"wp","href":"https:\/\/api.w.org\/{rel}","templated":true}]}}