{"id":24340,"date":"2015-10-05T13:47:01","date_gmt":"2015-10-05T11:47:01","guid":{"rendered":"http:\/\/www.ipod.info.pl\/?p=24340"},"modified":"2015-10-05T14:24:25","modified_gmt":"2015-10-05T12:24:25","slug":"imagazine-102015-piate-urodziny","status":"publish","type":"post","link":"https:\/\/www.ipod.info.pl\/index.php\/imagazine-102015-piate-urodziny\/","title":{"rendered":"iMagazine 10\/2015 \u2013 pi\u0105te urodziny"},"content":{"rendered":"<p style=\"text-align: justify;\">Dok\u0142adnie 5 pa\u017adziernika 2010 roku ukaza\u0142 si\u0119 pierwszy numer iMagazine. Wtedy jeszcze nie wiedzieli\u015bmy, \u017ce ta data tak mocno b\u0119dzie zwi\u0105zana z Applowym \u015bwiatem. R\u00f3wno rok po naszej premierze \u015bwiat obieg\u0142a informacja o \u015bmierci Steva Jobsa. Co roku wi\u0119c \u015bwi\u0119tuj\u0105c nasze urodziny r\u00f3wnocze\u015bnie pami\u0119tamy o tym kim dla Apple i dla \u015bwiata by\u0142 Jobs.<\/p>\n<p style=\"text-align: justify;\">W projekcie iMagazine jest od jego samego pocz\u0105tku, jeszcze wcze\u015bniej w styczniu 2008 roku napisa\u0142em pierwszy artyku\u0142 dla Mojego Jab\u0142uszka, kt\u00f3re potem przeobrazi\u0142o si\u0119 w\u0142a\u015bnie w iMagazine. Pierwszym artyku\u0142em by\u0142 &#8222;iPhone vs iPod touch&#8221;. W tej chwili projekt\u00a0iMagazine i wszystko co\u015b dzieje woko\u0142o niego to po\u0142owa mojego zawodowego \u017cycia. Po\u0142owa kt\u00f3ra przynosi bardzo du\u017co rado\u015bci i powoduje, \u017ce chyba nie musz\u0119 ju\u017c szuka\u0107 dalej jak m\u00f3wi\u0142 Steve Jobs.<\/p>\n<p style=\"text-align: justify;\"><em>Twoja praca wype\u0142ni du\u017c\u0105 cz\u0119\u015b\u0107 Twojego\u00a0\u017cycia i\u00a0jedyny spos\u00f3b na\u00a0to aby by\u0107 prawdziwie spe\u0142nionym to\u00a0robi\u0107 to\u00a0co wierzysz, \u017ce\u00a0jest \u015bwietn\u0105 robot\u0105.\u00a0<strong>A\u00a0jedyny spos\u00f3b na\u00a0robienie \u015bwietnej roboty to\u00a0kochanie tego, co robisz.<\/strong>\u00a0Je\u015bli jeszcze tego nie znalaz\u0142e\u015b, szukaj dalej. Nie spoczywaj.<\/em><\/p>\n<p style=\"text-align: justify;\">W najnowszym numerze znajdziecie moje &#8222;Pierwsze Wra\u017cenia&#8221; po tygodniu z iPhone 6s, test g\u0142o\u015bnik\u00f3w, kt\u00f3re zrywaj\u0105 dziewczynom ubrania, comiesi\u0119czn\u0105 dawk\u0119 Lifestylu MacUsera i pewnie co\u015b jeszcze :). Czyta\u0107 nas mo\u017cecie <a href=\"https:\/\/itunes.apple.com\/us\/app\/imagazine.pl\/id471359317?mt=8\">w aplikacji dla iOS<\/a> oraz w <a href=\"http:\/\/imagazine.pl\/newsletter\/\">PDF po uprzednim zapisaniu si\u0119 do naszego newslettera<\/a>. Zapraszam!<\/p>\n","protected":false},"excerpt":{"rendered":"<p>Dok\u0142adnie 5 pa\u017adziernika 2010 roku ukaza\u0142 si\u0119 pierwszy numer iMagazine. Wtedy jeszcze nie wiedzieli\u015bmy, \u017ce ta data tak mocno b\u0119dzie zwi\u0105zana z Applowym \u015bwiatem. R\u00f3wno rok po naszej premierze \u015bwiat obieg\u0142a informacja o \u015bmierci Steva Jobsa. Co roku wi\u0119c \u015bwi\u0119tuj\u0105c nasze urodziny r\u00f3wnocze\u015bnie pami\u0119tamy o tym kim dla Apple i dla \u015bwiata by\u0142 Jobs. W [&hellip;]<\/p>\n","protected":false},"author":2,"featured_media":24341,"comment_status":"open","ping_status":"open","sticky":false,"template":"","format":"standard","meta":{"footnotes":""},"categories":[10],"tags":[],"aioseo_notices":[],"_links":{"self":[{"href":"https:\/\/www.ipod.info.pl\/index.php\/wp-json\/wp\/v2\/posts\/24340"}],"collection":[{"href":"https:\/\/www.ipod.info.pl\/index.php\/wp-json\/wp\/v2\/posts"}],"about":[{"href":"https:\/\/www.ipod.info.pl\/index.php\/wp-json\/wp\/v2\/types\/post"}],"author":[{"embeddable":true,"href":"https:\/\/www.ipod.info.pl\/index.php\/wp-json\/wp\/v2\/users\/2"}],"replies":[{"embeddable":true,"href":"https:\/\/www.ipod.info.pl\/index.php\/wp-json\/wp\/v2\/comments?post=24340"}],"version-history":[{"count":2,"href":"https:\/\/www.ipod.info.pl\/index.php\/wp-json\/wp\/v2\/posts\/24340\/revisions"}],"predecessor-version":[{"id":24343,"href":"https:\/\/www.ipod.info.pl\/index.php\/wp-json\/wp\/v2\/posts\/24340\/revisions\/24343"}],"wp:featuredmedia":[{"embeddable":true,"href":"https:\/\/www.ipod.info.pl\/index.php\/wp-json\/wp\/v2\/media\/24341"}],"wp:attachment":[{"href":"https:\/\/www.ipod.info.pl\/index.php\/wp-json\/wp\/v2\/media?parent=24340"}],"wp:term":[{"taxonomy":"category","embeddable":true,"href":"https:\/\/www.ipod.info.pl\/index.php\/wp-json\/wp\/v2\/categories?post=24340"},{"taxonomy":"post_tag","embeddable":true,"href":"https:\/\/www.ipod.info.pl\/index.php\/wp-json\/wp\/v2\/tags?post=24340"}],"curies":[{"name":"wp","href":"https:\/\/api.w.org\/{rel}","templated":true}]}}