{"id":24409,"date":"2015-12-29T23:36:04","date_gmt":"2015-12-29T21:36:04","guid":{"rendered":"http:\/\/www.ipod.info.pl\/?p=24409"},"modified":"2015-12-30T10:12:52","modified_gmt":"2015-12-30T08:12:52","slug":"historia-ipoda-apple-ipod-hp","status":"publish","type":"post","link":"https:\/\/www.ipod.info.pl\/index.php\/historia-ipoda-apple-ipod-hp\/","title":{"rendered":"Historia iPod\u00f3w &#8211; Apple iPod + HP"},"content":{"rendered":"<p style=\"text-align: justify;\">Za chwil\u0119 zaczynaj\u0105 si\u0119 targi CES 2016, na kt\u00f3rych prawie 12 lat temu mia\u0142a miejsce premiera mocno zwi\u0105zana z Apple. Dok\u0142adnie to 8 stycznia 2004 roku, \u00f3wczesna CEO firmy Hewlett-Packard czyli Carly Fiorina (aktualnie polityk i jedyna kobieta, kt\u00f3ra z ramienia Republikan\u00f3w mo\u017ce zosta\u0107 prezydentem USA w 2016 r) pokaza\u0142a iPoda trzeciej generacji w niebieskim kolorze i og\u0142osi\u0142a pocz\u0105tek programu \u201eApple iPod by HP\u201d.<!--more--><br \/>\n<img loading=\"lazy\" decoding=\"async\" class=\"aligncenter size-full wp-image-24416\" src=\"http:\/\/www.ipod.info.pl\/wp-content\/uploads\/2015\/12\/ipod-hp.png\" alt=\"ipod hp\" width=\"1226\" height=\"480\" srcset=\"https:\/\/www.ipod.info.pl\/wp-content\/uploads\/2015\/12\/ipod-hp.png 1226w, https:\/\/www.ipod.info.pl\/wp-content\/uploads\/2015\/12\/ipod-hp-150x59.png 150w, https:\/\/www.ipod.info.pl\/wp-content\/uploads\/2015\/12\/ipod-hp-250x98.png 250w, https:\/\/www.ipod.info.pl\/wp-content\/uploads\/2015\/12\/ipod-hp-790x309.png 790w, https:\/\/www.ipod.info.pl\/wp-content\/uploads\/2015\/12\/ipod-hp-960x376.png 960w\" sizes=\"(max-width: 1226px) 100vw, 1226px\" \/>Gdy program ruszy\u0142 9 miesi\u0119cy p\u00f3\u017aniej w sklepach nie zobaczyli\u015bmy niebieskich iPod\u00f3w, a jedynie logo HP na tylnej cz\u0119\u015bci obudowy i napis \u201e+HP\u201d na pude\u0142kach, p\u0142ytach CD i innych materia\u0142ach zwi\u0105zanych z tymi iPodami. Nie pojawi\u0142 si\u0119 te\u017c z logo HP pokazany pierwotnie iPod trzeciej generacji. Zamiast niego mogli\u015bmy kupi\u0107 iPoda czwartej generacji o pojemno\u015bci 20 oraz 40 GB.<\/p>\n<p style=\"text-align: justify;\">Wszystkie iPody by\u0142y produkowane przez Apple, ale serwisowane ju\u017c przez HP, klienci z iPodami HP byli odsy\u0142ani z serwis\u00f3w Apple do serwis\u00f3w HP. Do tej pory na <a href=\"http:\/\/support.hp.com\/pl-pl\/document\/c00266033\" target=\"_blank\">stronach HP<\/a> mo\u017cemy odnale\u017a\u0107 dokumenty pokazuj\u0105ce np jak zresetowa\u0107 iPoda. HP w zamian za to mia\u0142 preinstalowa\u0107 na wszystkich komputerach HP Pavilion i Compaq Presario program iTunes.&nbsp;Opr\u00f3cz wspominanego iPoda 4G z logiem HP pojawi\u0142y si\u0119 jeszcze iPody mini, iPod photo oraz najrzadziej spotykany iPod shuffle. Fani HP mogli te\u017c kupi\u0107 firmowane przez firm\u0119 specjalne <a href=\"http:\/\/www8.hp.com\/us\/en\/hp-news\/press-release.html?id=170626&amp;jumpid=reg_r1002_usen_c-001_title_r0046#.VoL11et_anR\" target=\"_blank\">naklejki na iPoda<\/a>. Kupowa\u0142o si\u0119 je w 10-pakach w cenie 15$.<\/p>\n<p style=\"text-align: justify;\">Niestety wsp\u00f3\u0142praca nie trwa\u0142a d\u0142ugo, i nie okaza\u0142a si\u0119 sukcesem. Podczas dzia\u0142ania programu \u201eApple iPod by HP\u201d stanowi\u0142y one tylko 5% og\u00f3\u0142u sprzedanych iPod\u00f3w. Pewnie dlatego wsp\u00f3\u0142praca zosta\u0142a zako\u0144czona do\u015b\u0107 szybko bo ju\u017c 29 lipca 2005, czyli w niespe\u0142na rok po wej\u015bciu ich do sprzeda\u017cy. HP zrywaj\u0105c program musia\u0142o zgodnie z umow\u0105 nadal instalowa\u0107 iTunes na nowych komputerach, a\u017c stycznia 2006 i nie mog\u0142o sprzedawa\u0107 konkurent\u00f3w iPoda do sierpnia 2006. P\u00f3\u017aniej og\u0142osili, r\u00f3wnie\u017c nieudane partnerstwo z RealNetworks w ramach kt\u00f3rego sprzedawany by\u0142 odtwarzacz muzyczny Compaq &#8211; jest jeszcze rzadszy ni\u017c iPody HP &#8211; <a href=\"http:\/\/ecx.images-amazon.com\/images\/I\/41NJCRZSVDL.jpg\" target=\"_blank\">zobaczcie jak wygada\u0142, \u0142adniej ni\u017c iPod prawda?<\/a><\/p>\n<p style=\"text-align: justify;\">Ten bardzo wyj\u0105tkowy, zar\u00f3wno dla Apple jak i dla HP program dla tych drugich na pewno nie by\u0142 rentowny. Utrudniona logistyka i kosztowny serwis nie prze\u0142o\u017cy\u0142y si\u0119 na postrzeganie HP jako firmy otwartej na nowe technologie. HP bardzo na to liczy\u0142 decyduj\u0105 si\u0119 na sprzeda\u017c najbardziej \u201egor\u0105cego\u201d produkt na rynku. Troch\u0119 lepiej wsp\u00f3\u0142praca wypad\u0142a dla Apple. HP wprowadzi\u0142o iPody do swojej sieci dystrybutor\u00f3w, po tym jak si\u0119 wycofali ze wsp\u00f3\u0142pracy, wi\u0119kszo\u015b\u0107 tych firm zg\u0142osi\u0142a si\u0119 do Apple i zacz\u0119\u0142a sprzedawa\u0107 \u201eoryginalne\u201d iPody.<\/p>\n<p style=\"text-align: justify;\"><img loading=\"lazy\" decoding=\"async\" class=\"aligncenter size-full wp-image-24415\" src=\"http:\/\/www.ipod.info.pl\/wp-content\/uploads\/2015\/12\/s-l1600.jpg\" alt=\"s-l1600\" width=\"1600\" height=\"1200\" srcset=\"https:\/\/www.ipod.info.pl\/wp-content\/uploads\/2015\/12\/s-l1600.jpg 1600w, https:\/\/www.ipod.info.pl\/wp-content\/uploads\/2015\/12\/s-l1600-150x113.jpg 150w, https:\/\/www.ipod.info.pl\/wp-content\/uploads\/2015\/12\/s-l1600-250x188.jpg 250w, https:\/\/www.ipod.info.pl\/wp-content\/uploads\/2015\/12\/s-l1600-790x593.jpg 790w, https:\/\/www.ipod.info.pl\/wp-content\/uploads\/2015\/12\/s-l1600-960x720.jpg 960w\" sizes=\"(max-width: 1600px) 100vw, 1600px\" \/>Obecnie fabrycznie zapakowane iPody HP <a href=\"http:\/\/www.ebay.com\/itm\/Apple-iPod-classic-4th-Generation-from-HP-White-40-GB-20-GB-factory-sealed-\/151750971354?hash=item2355100fda:g:KXAAAOSwgQ9Vms2o\">osi\u0105gaj\u0105 bardzo wysokie ceny na aukcjac<\/a>h, a ich ceny cz\u0119sto przekraczaj\u0105 4000$. W swojej kolekcji mam dwa iPody HP, iPoda photo w op\u0142akanym stanie z dyskiem 30GB oraz iPoda Mini w stanie prawie idealnym z pude\u0142kiem i kompletem \u201epapier\u00f3w\u201d &#8211; on czeka jeszcze na swoj\u0105 sesj\u0119 zdj\u0119ciow\u0105.<br \/>\n<img loading=\"lazy\" decoding=\"async\" class=\"aligncenter size-full wp-image-24417\" src=\"http:\/\/www.ipod.info.pl\/wp-content\/uploads\/2015\/12\/ipod-hp-2.png\" alt=\"ipod hp 2\" width=\"1855\" height=\"905\" srcset=\"https:\/\/www.ipod.info.pl\/wp-content\/uploads\/2015\/12\/ipod-hp-2.png 1855w, https:\/\/www.ipod.info.pl\/wp-content\/uploads\/2015\/12\/ipod-hp-2-150x73.png 150w, https:\/\/www.ipod.info.pl\/wp-content\/uploads\/2015\/12\/ipod-hp-2-250x122.png 250w, https:\/\/www.ipod.info.pl\/wp-content\/uploads\/2015\/12\/ipod-hp-2-790x385.png 790w, https:\/\/www.ipod.info.pl\/wp-content\/uploads\/2015\/12\/ipod-hp-2-960x468.png 960w\" sizes=\"(max-width: 1855px) 100vw, 1855px\" \/><\/p>\n","protected":false},"excerpt":{"rendered":"<p>Za chwil\u0119 zaczynaj\u0105 si\u0119 targi CES 2016, na kt\u00f3rych prawie 12 lat temu mia\u0142a miejsce premiera mocno zwi\u0105zana z Apple. Dok\u0142adnie to 8 stycznia 2004 roku, \u00f3wczesna CEO firmy Hewlett-Packard czyli Carly Fiorina (aktualnie polityk i jedyna kobieta, kt\u00f3ra z ramienia Republikan\u00f3w mo\u017ce zosta\u0107 prezydentem USA w 2016 r) pokaza\u0142a iPoda trzeciej generacji w niebieskim [&hellip;]<\/p>\n","protected":false},"author":2,"featured_media":24413,"comment_status":"open","ping_status":"open","sticky":false,"template":"","format":"standard","meta":{"footnotes":""},"categories":[2,7,29,11,13],"tags":[],"aioseo_notices":[],"_links":{"self":[{"href":"https:\/\/www.ipod.info.pl\/index.php\/wp-json\/wp\/v2\/posts\/24409"}],"collection":[{"href":"https:\/\/www.ipod.info.pl\/index.php\/wp-json\/wp\/v2\/posts"}],"about":[{"href":"https:\/\/www.ipod.info.pl\/index.php\/wp-json\/wp\/v2\/types\/post"}],"author":[{"embeddable":true,"href":"https:\/\/www.ipod.info.pl\/index.php\/wp-json\/wp\/v2\/users\/2"}],"replies":[{"embeddable":true,"href":"https:\/\/www.ipod.info.pl\/index.php\/wp-json\/wp\/v2\/comments?post=24409"}],"version-history":[{"count":4,"href":"https:\/\/www.ipod.info.pl\/index.php\/wp-json\/wp\/v2\/posts\/24409\/revisions"}],"predecessor-version":[{"id":24419,"href":"https:\/\/www.ipod.info.pl\/index.php\/wp-json\/wp\/v2\/posts\/24409\/revisions\/24419"}],"wp:featuredmedia":[{"embeddable":true,"href":"https:\/\/www.ipod.info.pl\/index.php\/wp-json\/wp\/v2\/media\/24413"}],"wp:attachment":[{"href":"https:\/\/www.ipod.info.pl\/index.php\/wp-json\/wp\/v2\/media?parent=24409"}],"wp:term":[{"taxonomy":"category","embeddable":true,"href":"https:\/\/www.ipod.info.pl\/index.php\/wp-json\/wp\/v2\/categories?post=24409"},{"taxonomy":"post_tag","embeddable":true,"href":"https:\/\/www.ipod.info.pl\/index.php\/wp-json\/wp\/v2\/tags?post=24409"}],"curies":[{"name":"wp","href":"https:\/\/api.w.org\/{rel}","templated":true}]}}