{"id":2554,"date":"2008-08-23T09:13:22","date_gmt":"2008-08-23T07:13:22","guid":{"rendered":"http:\/\/www.ipod.info.pl\/?p=2554"},"modified":"2010-01-24T14:27:41","modified_gmt":"2010-01-24T13:27:41","slug":"nowy-ipod-nano-za-trzy-tygodnie","status":"publish","type":"post","link":"https:\/\/www.ipod.info.pl\/index.php\/nowy-ipod-nano-za-trzy-tygodnie\/","title":{"rendered":"Nowy iPod nano za trzy tygodnie?"},"content":{"rendered":"<p><a class=\"highslide\" href=\"http:\/\/www.ipod.info.pl\/wp-content\/uploads\/2008\/08\/234140-new-nano_425.jpg\"><img loading=\"lazy\" decoding=\"async\" class=\"alignright size-medium wp-image-7418\" title=\"234140-new-nano_425\" src=\"http:\/\/www.ipod.info.pl\/wp-content\/uploads\/2008\/08\/234140-new-nano_425-300x194.jpg\" alt=\"\" width=\"300\" height=\"194\" srcset=\"https:\/\/www.ipod.info.pl\/wp-content\/uploads\/2008\/08\/234140-new-nano_425-300x194.jpg 300w, https:\/\/www.ipod.info.pl\/wp-content\/uploads\/2008\/08\/234140-new-nano_425-120x77.jpg 120w, https:\/\/www.ipod.info.pl\/wp-content\/uploads\/2008\/08\/234140-new-nano_425.jpg 425w\" sizes=\"(max-width: 300px) 100vw, 300px\" \/><\/a>W serwisie <a href=\"http:\/\/www.macrumors.com\/2008\/08\/22\/new-ipod-nano-ipod-touch-itunes-8-0-blu-ray-in-10-6\/\" target=\"_blank\">macrumors.com<\/a> mo\u017cemy zobaczy\u0107 nowe prawdopodobne zdj\u0119cia kolejnej generacji iPoda Nano.<br \/>\nDodatkowo serwis powo\u0142uj\u0105c si\u0119 na <a href=\"http:\/\/kevinrose.com\/blogg\/2008\/8\/23\/new-ipods-coming-very-soon.html\" target=\"_blank\">Kevina Rose\u2019a<\/a> (min. za\u0142o\u017cyciela <a href=\"http:\/\/www.digg.com\" target=\"_blank\">Digg.com<\/a>) informuje, \u017ce w ci\u0105gu najbli\u017cszych dw\u00f3ch trzech tygodni mo\u017cemy spodziewa\u0107 si\u0119:<br \/>\n&#8211; Odnowienia ca\u0142ej linii iPod\u00f3w<br \/>\n&#8211; Zmiany wygl\u0105du iPoda nano i touch<br \/>\n&#8211; Obni\u017cenia cen odtwarzaczy iPod<br \/>\n&#8211; <a href=\"http:\/\/www.ipod.info.pl\/?s=2.1\">Oprogramowania 2.1<\/a> do iPhone\u2019a i iPhone\u2019a 3G<br \/>\n&#8211; iTunes 8.0 z du\u017cymi zmianami i nowymi funkcjami<br \/>\nTo ju\u017c <a href=\"http:\/\/www.ipod.info.pl\/index.php\/co-nam-szykuje-apple-w-najblizszym-czasie\/\">kolejne plotki potwierdzaj\u0105ce<\/a> zbli\u017caj\u0105c\u0105 si\u0119 szybkimi krokami premier\u0119 nowych iPod\u00f3w.<\/p>\n","protected":false},"excerpt":{"rendered":"<p>W serwisie macrumors.com mo\u017cemy zobaczy\u0107 nowe prawdopodobne zdj\u0119cia kolejnej generacji iPoda Nano. Dodatkowo serwis powo\u0142uj\u0105c si\u0119 na Kevina Rose\u2019a (min. za\u0142o\u017cyciela Digg.com) informuje, \u017ce w ci\u0105gu najbli\u017cszych dw\u00f3ch trzech tygodni mo\u017cemy spodziewa\u0107 si\u0119: &#8211; Odnowienia ca\u0142ej linii iPod\u00f3w &#8211; Zmiany wygl\u0105du iPoda nano i touch &#8211; Obni\u017cenia cen odtwarzaczy iPod &#8211; Oprogramowania 2.1 do iPhone\u2019a [&hellip;]<\/p>\n","protected":false},"author":2,"featured_media":0,"comment_status":"open","ping_status":"open","sticky":false,"template":"","format":"standard","meta":{"footnotes":""},"categories":[2,43,24],"tags":[],"aioseo_notices":[],"_links":{"self":[{"href":"https:\/\/www.ipod.info.pl\/index.php\/wp-json\/wp\/v2\/posts\/2554"}],"collection":[{"href":"https:\/\/www.ipod.info.pl\/index.php\/wp-json\/wp\/v2\/posts"}],"about":[{"href":"https:\/\/www.ipod.info.pl\/index.php\/wp-json\/wp\/v2\/types\/post"}],"author":[{"embeddable":true,"href":"https:\/\/www.ipod.info.pl\/index.php\/wp-json\/wp\/v2\/users\/2"}],"replies":[{"embeddable":true,"href":"https:\/\/www.ipod.info.pl\/index.php\/wp-json\/wp\/v2\/comments?post=2554"}],"version-history":[{"count":6,"href":"https:\/\/www.ipod.info.pl\/index.php\/wp-json\/wp\/v2\/posts\/2554\/revisions"}],"predecessor-version":[{"id":7419,"href":"https:\/\/www.ipod.info.pl\/index.php\/wp-json\/wp\/v2\/posts\/2554\/revisions\/7419"}],"wp:attachment":[{"href":"https:\/\/www.ipod.info.pl\/index.php\/wp-json\/wp\/v2\/media?parent=2554"}],"wp:term":[{"taxonomy":"category","embeddable":true,"href":"https:\/\/www.ipod.info.pl\/index.php\/wp-json\/wp\/v2\/categories?post=2554"},{"taxonomy":"post_tag","embeddable":true,"href":"https:\/\/www.ipod.info.pl\/index.php\/wp-json\/wp\/v2\/tags?post=2554"}],"curies":[{"name":"wp","href":"https:\/\/api.w.org\/{rel}","templated":true}]}}