{"id":2568,"date":"2008-08-25T09:44:04","date_gmt":"2008-08-25T07:44:04","guid":{"rendered":"http:\/\/www.ipod.info.pl\/?p=2568"},"modified":"2008-08-26T09:13:00","modified_gmt":"2008-08-26T07:13:00","slug":"ipod-nano-4g-z-dokowym-wyswietlaczem-i-zlaczem-mini-usb","status":"publish","type":"post","link":"https:\/\/www.ipod.info.pl\/index.php\/ipod-nano-4g-z-dokowym-wyswietlaczem-i-zlaczem-mini-usb\/","title":{"rendered":"iPod nano 4G z dotykowym wy\u015bwietlaczem ju\u017c 9 wrze\u015bnia???"},"content":{"rendered":"<p>Coraz bli\u017cej do premiery nowych iPod\u00f3w wi\u0119c coraz wi\u0119cej plotek. Kilka dni demu <a href=\"http:\/\/www.ipod.info.pl\/index.php\/nowy-ipod-nano-za-trzy-tygodnie\/\">mogli\u015bmy przeczyta\u0107<\/a>, \u017ce w ci\u0105gu najbli\u017cszych trzech tygodni Apple zaprezentuje min. nowego iPoda nano 4G. Najbardziej prawdopodobna data premiery to 9 wrze\u015bnia. W tamtym roku premiera nowych wersji iPod\u00f3w mia\u0142a <a href=\"http:\/\/www.ipod.info.pl\/index.php\/nowe-ipody-podsumowanie-konferencji-na-goraco\/\">miejsce 5 wrze\u015bnia<\/a>.\u00a0<br \/>\nMia\u0142by on mi\u0119\u0107 kszta\u0142t podobny do drugiej generacji tego urz\u0105dzenia ale zaokr\u0105glon\u0105 przedni\u0105 cze\u015b\u0107 obudowy i du\u017co wi\u0119kszy wy\u015bwietlacz. Teraz w serwisie <a href=\"http:\/\/www.idealschina.com\/Insider\/NewsDetail.aspx?ArticleID=28&amp;PageIndex=1\" target=\"_blank\">www.idealschina.com<\/a> mo\u017cemy przeczyta\u0107, \u017ce ten du\u017co wi\u0119kszy wy\u015bwietlacz ma by\u0107 dotykowy. To w jakim\u015b stopniu potwierdza to co us\u0142ysza\u0142em niedawno od ludzi b\u0119d\u0105cych bardzo blisko Apple. Niestety ten sam serwis pokazuje rendery tego urz\u0105dzenia na kt\u00f3rych wida\u0107 z\u0142\u0105cze mini USB. Bardzo bardzo ci\u0119\u017cko mi uwierzy\u0107, \u017ce Apple mog\u0142o by zrezygnowa\u0107 z 30 pinowego z\u0142\u0105cza docka. To by\u0142by strza\u0142 w w\u0142asn\u0105 nog\u0119.<br \/>\nZ drugiej jednak strony producent akcesori\u00f3w\u00a0<a href=\"http:\/\/www.beelan.com\/product.asp?id=1152\" target=\"_blank\">www.beelan.com<\/a> prezentuje na swoich stronach pokrowiec na nowego iPoda nano kt\u00f3ry pasowa\u0142by w\u0142a\u015bnie na przedstawiony model.<br \/>\nNale\u017cy pami\u0119ta\u0107, \u017ce to w\u0142a\u015bnie od producent\u00f3w akcesori\u00f3w wyp\u0142ywaj\u0105 najwcze\u015bniej szczeg\u00f3\u0142y dotycz\u0105ce nowych produkt\u00f3w Apple<br \/>\n.<\/p>\n","protected":false},"excerpt":{"rendered":"<p>Coraz bli\u017cej do premiery nowych iPod\u00f3w wi\u0119c coraz wi\u0119cej plotek. Kilka dni demu mogli\u015bmy przeczyta\u0107, \u017ce w ci\u0105gu najbli\u017cszych trzech tygodni Apple zaprezentuje min. nowego iPoda nano 4G. Najbardziej prawdopodobna data premiery to 9 wrze\u015bnia. W tamtym roku premiera nowych wersji iPod\u00f3w mia\u0142a miejsce 5 wrze\u015bnia.\u00a0 Mia\u0142by on mi\u0119\u0107 kszta\u0142t podobny do drugiej generacji tego [&hellip;]<\/p>\n","protected":false},"author":2,"featured_media":0,"comment_status":"open","ping_status":"open","sticky":false,"template":"","format":"standard","meta":{"footnotes":""},"categories":[2,21,43],"tags":[],"class_list":["post-2568","post","type-post","status-publish","format-standard","hentry","category-ipod","category-ipod-nano-2g","category-ipod-nano-4g"],"aioseo_notices":[],"aioseo_head":"\n\t\t<!-- All in One SEO 5.0.0.1 - aioseo.com -->\n\t<meta name=\"robots\" content=\"max-image-preview:large\" \/>\n\t<meta name=\"author\" content=\"norbi\"\/>\n\t<link rel=\"canonical\" href=\"https:\/\/www.ipod.info.pl\/index.php\/ipod-nano-4g-z-dokowym-wyswietlaczem-i-zlaczem-mini-usb\/\" \/>\n\t<meta name=\"generator\" content=\"All in One SEO (AIOSEO) 5.0.0.1\" \/>\n\t\t<meta property=\"og:locale\" content=\"pl_PL\" \/>\n\t\t<meta property=\"og:site_name\" content=\"iPod.info.pl \u2014 iPod, iPad, iPhone, iBlog | iPod, iPad, iPhone, iPhone 3G, iPhone 3GS, iPhone 4, Apple TV\" \/>\n\t\t<meta property=\"og:type\" content=\"article\" \/>\n\t\t<meta property=\"og:title\" content=\"iPod nano 4G z dotykowym wy\u015bwietlaczem ju\u017c 9 wrze\u015bnia??? | iPod.info.pl \u2014 iPod, iPad, iPhone, iBlog\" \/>\n\t\t<meta property=\"og:url\" content=\"https:\/\/www.ipod.info.pl\/index.php\/ipod-nano-4g-z-dokowym-wyswietlaczem-i-zlaczem-mini-usb\/\" \/>\n\t\t<meta property=\"article:published_time\" content=\"2008-08-25T07:44:04+00:00\" \/>\n\t\t<meta property=\"article:modified_time\" content=\"2008-08-26T07:13:00+00:00\" \/>\n\t\t<meta name=\"twitter:card\" content=\"summary_large_image\" \/>\n\t\t<meta name=\"twitter:title\" content=\"iPod nano 4G z dotykowym wy\u015bwietlaczem ju\u017c 9 wrze\u015bnia??? | iPod.info.pl \u2014 iPod, iPad, iPhone, iBlog\" \/>\n\t\t<script type=\"application\/ld+json\" class=\"aioseo-schema\">\n\t\t\t{\"@context\":\"https:\\\/\\\/schema.org\",\"@graph\":[{\"@type\":\"Article\",\"@id\":\"https:\\\/\\\/www.ipod.info.pl\\\/index.php\\\/ipod-nano-4g-z-dokowym-wyswietlaczem-i-zlaczem-mini-usb\\\/#article\",\"name\":\"iPod nano 4G z dotykowym wy\\u015bwietlaczem ju\\u017c 9 wrze\\u015bnia??? | iPod.info.pl \\u2014 iPod, iPad, iPhone, iBlog\",\"headline\":\"iPod nano 4G z dotykowym wy\\u015bwietlaczem ju\\u017c 9 wrze\\u015bnia???\",\"author\":{\"@id\":\"https:\\\/\\\/www.ipod.info.pl\\\/index.php\\\/author\\\/norbi\\\/#author\"},\"publisher\":{\"@id\":\"https:\\\/\\\/www.ipod.info.pl\\\/#organization\"},\"datePublished\":\"2008-08-25T09:44:04+02:00\",\"dateModified\":\"2008-08-26T09:13:00+02:00\",\"inLanguage\":\"pl-PL\",\"commentCount\":13,\"mainEntityOfPage\":{\"@id\":\"https:\\\/\\\/www.ipod.info.pl\\\/index.php\\\/ipod-nano-4g-z-dokowym-wyswietlaczem-i-zlaczem-mini-usb\\\/#webpage\"},\"isPartOf\":{\"@id\":\"https:\\\/\\\/www.ipod.info.pl\\\/index.php\\\/ipod-nano-4g-z-dokowym-wyswietlaczem-i-zlaczem-mini-usb\\\/#webpage\"},\"articleSection\":\"iPod, iPod Nano 2G, iPod Nano 4G\"},{\"@type\":\"BreadcrumbList\",\"@id\":\"https:\\\/\\\/www.ipod.info.pl\\\/index.php\\\/ipod-nano-4g-z-dokowym-wyswietlaczem-i-zlaczem-mini-usb\\\/#breadcrumblist\",\"itemListElement\":[{\"@type\":\"ListItem\",\"@id\":\"https:\\\/\\\/www.ipod.info.pl#listItem\",\"position\":1,\"name\":\"Dom\",\"item\":\"https:\\\/\\\/www.ipod.info.pl\",\"nextItem\":{\"@type\":\"ListItem\",\"@id\":\"https:\\\/\\\/www.ipod.info.pl\\\/index.php\\\/category\\\/ipod\\\/#listItem\",\"name\":\"iPod\"}},{\"@type\":\"ListItem\",\"@id\":\"https:\\\/\\\/www.ipod.info.pl\\\/index.php\\\/category\\\/ipod\\\/#listItem\",\"position\":2,\"name\":\"iPod\",\"item\":\"https:\\\/\\\/www.ipod.info.pl\\\/index.php\\\/category\\\/ipod\\\/\",\"nextItem\":{\"@type\":\"ListItem\",\"@id\":\"https:\\\/\\\/www.ipod.info.pl\\\/index.php\\\/ipod-nano-4g-z-dokowym-wyswietlaczem-i-zlaczem-mini-usb\\\/#listItem\",\"name\":\"iPod nano 4G z dotykowym wy\\u015bwietlaczem ju\\u017c 9 wrze\\u015bnia???\"},\"previousItem\":{\"@type\":\"ListItem\",\"@id\":\"https:\\\/\\\/www.ipod.info.pl#listItem\",\"name\":\"Dom\"}},{\"@type\":\"ListItem\",\"@id\":\"https:\\\/\\\/www.ipod.info.pl\\\/index.php\\\/ipod-nano-4g-z-dokowym-wyswietlaczem-i-zlaczem-mini-usb\\\/#listItem\",\"position\":3,\"name\":\"iPod nano 4G z dotykowym wy\\u015bwietlaczem ju\\u017c 9 wrze\\u015bnia???\",\"previousItem\":{\"@type\":\"ListItem\",\"@id\":\"https:\\\/\\\/www.ipod.info.pl\\\/index.php\\\/category\\\/ipod\\\/#listItem\",\"name\":\"iPod\"}}]},{\"@type\":\"Organization\",\"@id\":\"https:\\\/\\\/www.ipod.info.pl\\\/#organization\",\"name\":\"iPod.info.pl \\u2014 iPod, iPad, iPhone, iBlog\",\"description\":\"iPod, iPad, iPhone, iPhone 3G, iPhone 3GS, iPhone 4, Apple TV\",\"url\":\"https:\\\/\\\/www.ipod.info.pl\\\/\"},{\"@type\":\"Person\",\"@id\":\"https:\\\/\\\/www.ipod.info.pl\\\/index.php\\\/author\\\/norbi\\\/#author\",\"url\":\"https:\\\/\\\/www.ipod.info.pl\\\/index.php\\\/author\\\/norbi\\\/\",\"name\":\"norbi\"},{\"@type\":\"WebPage\",\"@id\":\"https:\\\/\\\/www.ipod.info.pl\\\/index.php\\\/ipod-nano-4g-z-dokowym-wyswietlaczem-i-zlaczem-mini-usb\\\/#webpage\",\"url\":\"https:\\\/\\\/www.ipod.info.pl\\\/index.php\\\/ipod-nano-4g-z-dokowym-wyswietlaczem-i-zlaczem-mini-usb\\\/\",\"name\":\"iPod nano 4G z dotykowym wy\\u015bwietlaczem ju\\u017c 9 wrze\\u015bnia??? | iPod.info.pl \\u2014 iPod, iPad, iPhone, iBlog\",\"inLanguage\":\"pl-PL\",\"isPartOf\":{\"@id\":\"https:\\\/\\\/www.ipod.info.pl\\\/#website\"},\"breadcrumb\":{\"@id\":\"https:\\\/\\\/www.ipod.info.pl\\\/index.php\\\/ipod-nano-4g-z-dokowym-wyswietlaczem-i-zlaczem-mini-usb\\\/#breadcrumblist\"},\"author\":{\"@id\":\"https:\\\/\\\/www.ipod.info.pl\\\/index.php\\\/author\\\/norbi\\\/#author\"},\"creator\":{\"@id\":\"https:\\\/\\\/www.ipod.info.pl\\\/index.php\\\/author\\\/norbi\\\/#author\"},\"datePublished\":\"2008-08-25T09:44:04+02:00\",\"dateModified\":\"2008-08-26T09:13:00+02:00\"},{\"@type\":\"WebSite\",\"@id\":\"https:\\\/\\\/www.ipod.info.pl\\\/#website\",\"url\":\"https:\\\/\\\/www.ipod.info.pl\\\/\",\"name\":\"iPod.info.pl \\u2014 iPod, iPad, iPhone, iBlog\",\"description\":\"iPod, iPad, iPhone, iPhone 3G, iPhone 3GS, iPhone 4, Apple TV\",\"inLanguage\":\"pl-PL\",\"publisher\":{\"@id\":\"https:\\\/\\\/www.ipod.info.pl\\\/#organization\"}}]}\n\t\t<\/script>\n\t\t<!-- All in One SEO -->\n\n","aioseo_head_json":{"title":"iPod nano 4G z dotykowym wy\u015bwietlaczem ju\u017c 9 wrze\u015bnia??? | iPod.info.pl \u2014 iPod, iPad, iPhone, iBlog","description":"","canonical_url":"https:\/\/www.ipod.info.pl\/index.php\/ipod-nano-4g-z-dokowym-wyswietlaczem-i-zlaczem-mini-usb\/","robots":"max-image-preview:large","keywords":"","webmasterTools":{"miscellaneous":""},"schema":{"@context":"https:\/\/schema.org","@graph":[{"@type":"Article","@id":"https:\/\/www.ipod.info.pl\/index.php\/ipod-nano-4g-z-dokowym-wyswietlaczem-i-zlaczem-mini-usb\/#article","name":"iPod nano 4G z dotykowym wy\u015bwietlaczem ju\u017c 9 wrze\u015bnia??? | iPod.info.pl \u2014 iPod, iPad, iPhone, iBlog","headline":"iPod nano 4G z dotykowym wy\u015bwietlaczem ju\u017c 9 wrze\u015bnia???","author":{"@id":"https:\/\/www.ipod.info.pl\/index.php\/author\/norbi\/#author"},"publisher":{"@id":"https:\/\/www.ipod.info.pl\/#organization"},"datePublished":"2008-08-25T09:44:04+02:00","dateModified":"2008-08-26T09:13:00+02:00","inLanguage":"pl-PL","commentCount":13,"mainEntityOfPage":{"@id":"https:\/\/www.ipod.info.pl\/index.php\/ipod-nano-4g-z-dokowym-wyswietlaczem-i-zlaczem-mini-usb\/#webpage"},"isPartOf":{"@id":"https:\/\/www.ipod.info.pl\/index.php\/ipod-nano-4g-z-dokowym-wyswietlaczem-i-zlaczem-mini-usb\/#webpage"},"articleSection":"iPod, iPod Nano 2G, iPod Nano 4G"},{"@type":"BreadcrumbList","@id":"https:\/\/www.ipod.info.pl\/index.php\/ipod-nano-4g-z-dokowym-wyswietlaczem-i-zlaczem-mini-usb\/#breadcrumblist","itemListElement":[{"@type":"ListItem","@id":"https:\/\/www.ipod.info.pl#listItem","position":1,"name":"Dom","item":"https:\/\/www.ipod.info.pl","nextItem":{"@type":"ListItem","@id":"https:\/\/www.ipod.info.pl\/index.php\/category\/ipod\/#listItem","name":"iPod"}},{"@type":"ListItem","@id":"https:\/\/www.ipod.info.pl\/index.php\/category\/ipod\/#listItem","position":2,"name":"iPod","item":"https:\/\/www.ipod.info.pl\/index.php\/category\/ipod\/","nextItem":{"@type":"ListItem","@id":"https:\/\/www.ipod.info.pl\/index.php\/ipod-nano-4g-z-dokowym-wyswietlaczem-i-zlaczem-mini-usb\/#listItem","name":"iPod nano 4G z dotykowym wy\u015bwietlaczem ju\u017c 9 wrze\u015bnia???"},"previousItem":{"@type":"ListItem","@id":"https:\/\/www.ipod.info.pl#listItem","name":"Dom"}},{"@type":"ListItem","@id":"https:\/\/www.ipod.info.pl\/index.php\/ipod-nano-4g-z-dokowym-wyswietlaczem-i-zlaczem-mini-usb\/#listItem","position":3,"name":"iPod nano 4G z dotykowym wy\u015bwietlaczem ju\u017c 9 wrze\u015bnia???","previousItem":{"@type":"ListItem","@id":"https:\/\/www.ipod.info.pl\/index.php\/category\/ipod\/#listItem","name":"iPod"}}]},{"@type":"Organization","@id":"https:\/\/www.ipod.info.pl\/#organization","name":"iPod.info.pl \u2014 iPod, iPad, iPhone, iBlog","description":"iPod, iPad, iPhone, iPhone 3G, iPhone 3GS, iPhone 4, Apple TV","url":"https:\/\/www.ipod.info.pl\/"},{"@type":"Person","@id":"https:\/\/www.ipod.info.pl\/index.php\/author\/norbi\/#author","url":"https:\/\/www.ipod.info.pl\/index.php\/author\/norbi\/","name":"norbi"},{"@type":"WebPage","@id":"https:\/\/www.ipod.info.pl\/index.php\/ipod-nano-4g-z-dokowym-wyswietlaczem-i-zlaczem-mini-usb\/#webpage","url":"https:\/\/www.ipod.info.pl\/index.php\/ipod-nano-4g-z-dokowym-wyswietlaczem-i-zlaczem-mini-usb\/","name":"iPod nano 4G z dotykowym wy\u015bwietlaczem ju\u017c 9 wrze\u015bnia??? | iPod.info.pl \u2014 iPod, iPad, iPhone, iBlog","inLanguage":"pl-PL","isPartOf":{"@id":"https:\/\/www.ipod.info.pl\/#website"},"breadcrumb":{"@id":"https:\/\/www.ipod.info.pl\/index.php\/ipod-nano-4g-z-dokowym-wyswietlaczem-i-zlaczem-mini-usb\/#breadcrumblist"},"author":{"@id":"https:\/\/www.ipod.info.pl\/index.php\/author\/norbi\/#author"},"creator":{"@id":"https:\/\/www.ipod.info.pl\/index.php\/author\/norbi\/#author"},"datePublished":"2008-08-25T09:44:04+02:00","dateModified":"2008-08-26T09:13:00+02:00"},{"@type":"WebSite","@id":"https:\/\/www.ipod.info.pl\/#website","url":"https:\/\/www.ipod.info.pl\/","name":"iPod.info.pl \u2014 iPod, iPad, iPhone, iBlog","description":"iPod, iPad, iPhone, iPhone 3G, iPhone 3GS, iPhone 4, Apple TV","inLanguage":"pl-PL","publisher":{"@id":"https:\/\/www.ipod.info.pl\/#organization"}}]},"og:locale":"pl_PL","og:site_name":"iPod.info.pl \u2014 iPod, iPad, iPhone, iBlog | iPod, iPad, iPhone, iPhone 3G, iPhone 3GS, iPhone 4, Apple TV","og:type":"article","og:title":"iPod nano 4G z dotykowym wy\u015bwietlaczem ju\u017c 9 wrze\u015bnia??? | iPod.info.pl \u2014 iPod, iPad, iPhone, iBlog","og:url":"https:\/\/www.ipod.info.pl\/index.php\/ipod-nano-4g-z-dokowym-wyswietlaczem-i-zlaczem-mini-usb\/","article:published_time":"2008-08-25T07:44:04+00:00","article:modified_time":"2008-08-26T07:13:00+00:00","twitter:card":"summary_large_image","twitter:title":"iPod nano 4G z dotykowym wy\u015bwietlaczem ju\u017c 9 wrze\u015bnia??? | iPod.info.pl \u2014 iPod, iPad, iPhone, iBlog"},"aioseo_meta_data":{"post_id":"2568","title":null,"description":null,"keywords":null,"keyphrases":null,"primary_term":null,"canonical_url":null,"og_title":null,"og_description":null,"og_object_type":"default","og_image_type":"default","og_image_url":null,"og_image_width":null,"og_image_height":null,"og_image_custom_url":null,"og_image_custom_fields":null,"og_video":null,"og_custom_url":null,"og_article_section":null,"og_article_tags":null,"twitter_use_og":false,"twitter_card":"default","twitter_image_type":"default","twitter_image_url":null,"twitter_image_custom_url":null,"twitter_image_custom_fields":null,"twitter_title":null,"twitter_description":null,"schema":{"blockGraphs":[],"customGraphs":[],"default":{"data":{"Article":[],"Course":[],"Dataset":[],"FAQPage":[],"Movie":[],"Person":[],"Product":[],"ProductReview":[],"Car":[],"Recipe":[],"Service":[],"SoftwareApplication":[],"WebPage":[]},"graphName":"","isEnabled":true},"graphs":[]},"schema_type":"default","schema_type_options":null,"pillar_content":false,"robots_default":true,"robots_noindex":false,"robots_noarchive":false,"robots_nosnippet":false,"robots_nofollow":false,"robots_noimageindex":false,"robots_noodp":false,"robots_notranslate":false,"robots_max_snippet":null,"robots_max_videopreview":null,"robots_max_imagepreview":"large","priority":null,"frequency":null,"local_seo":null,"limit_modified_date":false,"created":"2024-07-03 15:33:11","updated":"2026-08-13 14:47:45","focus_keyword":null,"additional_keywords":null,"truseo_locale":null,"ai":null,"breadcrumb_settings":null,"seo_analyzer_scan_date":null},"aioseo_breadcrumb":"<div class=\"aioseo-breadcrumbs\"><span class=\"aioseo-breadcrumb\">\n\t\t\t<a href=\"https:\/\/www.ipod.info.pl\" title=\"Dom\">Dom<\/a>\n\t\t<\/span><span class=\"aioseo-breadcrumb-separator\">&raquo;<\/span><span class=\"aioseo-breadcrumb\">\n\t\t\t<a href=\"https:\/\/www.ipod.info.pl\/index.php\/category\/ipod\/\" title=\"iPod\">iPod<\/a>\n\t\t<\/span><span class=\"aioseo-breadcrumb-separator\">&raquo;<\/span><span class=\"aioseo-breadcrumb\">\n\t\t\tiPod nano 4G z dotykowym wy\u015bwietlaczem ju\u017c 9 wrze\u015bnia???\n\t\t<\/span><\/div>","aioseo_breadcrumb_json":[{"label":"Dom","link":"https:\/\/www.ipod.info.pl"},{"label":"iPod","link":"https:\/\/www.ipod.info.pl\/index.php\/category\/ipod\/"},{"label":"iPod nano 4G z dotykowym wy\u015bwietlaczem ju\u017c 9 wrze\u015bnia???","link":"https:\/\/www.ipod.info.pl\/index.php\/ipod-nano-4g-z-dokowym-wyswietlaczem-i-zlaczem-mini-usb\/"}],"_links":{"self":[{"href":"https:\/\/www.ipod.info.pl\/index.php\/wp-json\/wp\/v2\/posts\/2568","targetHints":{"allow":["GET"]}}],"collection":[{"href":"https:\/\/www.ipod.info.pl\/index.php\/wp-json\/wp\/v2\/posts"}],"about":[{"href":"https:\/\/www.ipod.info.pl\/index.php\/wp-json\/wp\/v2\/types\/post"}],"author":[{"embeddable":true,"href":"https:\/\/www.ipod.info.pl\/index.php\/wp-json\/wp\/v2\/users\/2"}],"replies":[{"embeddable":true,"href":"https:\/\/www.ipod.info.pl\/index.php\/wp-json\/wp\/v2\/comments?post=2568"}],"version-history":[{"count":6,"href":"https:\/\/www.ipod.info.pl\/index.php\/wp-json\/wp\/v2\/posts\/2568\/revisions"}],"predecessor-version":[{"id":2588,"href":"https:\/\/www.ipod.info.pl\/index.php\/wp-json\/wp\/v2\/posts\/2568\/revisions\/2588"}],"wp:attachment":[{"href":"https:\/\/www.ipod.info.pl\/index.php\/wp-json\/wp\/v2\/media?parent=2568"}],"wp:term":[{"taxonomy":"category","embeddable":true,"href":"https:\/\/www.ipod.info.pl\/index.php\/wp-json\/wp\/v2\/categories?post=2568"},{"taxonomy":"post_tag","embeddable":true,"href":"https:\/\/www.ipod.info.pl\/index.php\/wp-json\/wp\/v2\/tags?post=2568"}],"curies":[{"name":"wp","href":"https:\/\/api.w.org\/{rel}","templated":true}]}}