{"id":2693,"date":"2008-09-06T10:38:01","date_gmt":"2008-09-06T08:38:01","guid":{"rendered":"http:\/\/www.ipod.info.pl\/?p=2693"},"modified":"2009-09-07T09:15:45","modified_gmt":"2009-09-07T07:15:45","slug":"pierwsze-prawdziwe-zdjecie-ipoda-nano-4g","status":"publish","type":"post","link":"https:\/\/www.ipod.info.pl\/index.php\/pierwsze-prawdziwe-zdjecie-ipoda-nano-4g\/","title":{"rendered":"Pierwsze prawdziwe zdj\u0119cie iPoda nano 4G?"},"content":{"rendered":"<p><a class=\"highslide\" href=\"http:\/\/www.ipod.info.pl\/wp-content\/uploads\/2008\/09\/n-2.jpg\"><img loading=\"lazy\" decoding=\"async\" class=\"alignright size-medium wp-image-6013\" title=\"n-2\" src=\"http:\/\/www.ipod.info.pl\/wp-content\/uploads\/2008\/09\/n-2-225x300.jpg\" alt=\"n-2\" width=\"225\" height=\"300\" srcset=\"https:\/\/www.ipod.info.pl\/wp-content\/uploads\/2008\/09\/n-2-225x300.jpg 225w, https:\/\/www.ipod.info.pl\/wp-content\/uploads\/2008\/09\/n-2-90x120.jpg 90w, https:\/\/www.ipod.info.pl\/wp-content\/uploads\/2008\/09\/n-2.jpg 600w\" sizes=\"(max-width: 225px) 100vw, 225px\" \/><\/a>W serwisie <a href=\"http:\/\/www.macnn.com\/articles\/08\/09\/05\/ipod.nano.4g.photo\/\" target=\"_blank\">www.macnn.com<\/a> mo\u017cemy znale\u017a\u0107 prawdopodobnie pierwsze prawdziwe zdj\u0119cie iPoda nano 4G. Jak wida\u0107 <a href=\"http:\/\/www.ipod.info.pl\/index.php\/nowy-ipod-nano-za-trzy-tygodnie\/\">wcze\u015bniejsze doniesienia<\/a> odno\u015bnie kszta\u0142tu si\u0119 potwierdzaj\u0105 \u2013 iPod ma kszta\u0142 podobny do nano drugiej generacji i tez jest zrobiony w ca\u0142o\u015bci z aluminium dzi\u0119ki czemu nie b\u0119dzie si\u0119 rysowa\u0142. Ma jednak wi\u0119kszy ekran i b\u0119dzie wyst\u0119powa\u0142 prawdopodobnie w pojemno\u015bci 8 i 16 GB przy zachowaniu obecnych cen wersji 4 i 8GB.<\/p>\n","protected":false},"excerpt":{"rendered":"<p>W serwisie www.macnn.com mo\u017cemy znale\u017a\u0107 prawdopodobnie pierwsze prawdziwe zdj\u0119cie iPoda nano 4G. Jak wida\u0107 wcze\u015bniejsze doniesienia odno\u015bnie kszta\u0142tu si\u0119 potwierdzaj\u0105 \u2013 iPod ma kszta\u0142 podobny do nano drugiej generacji i tez jest zrobiony w ca\u0142o\u015bci z aluminium dzi\u0119ki czemu nie b\u0119dzie si\u0119 rysowa\u0142. Ma jednak wi\u0119kszy ekran i b\u0119dzie wyst\u0119powa\u0142 prawdopodobnie w pojemno\u015bci 8 i [&hellip;]<\/p>\n","protected":false},"author":2,"featured_media":0,"comment_status":"open","ping_status":"open","sticky":false,"template":"","format":"standard","meta":{"footnotes":""},"categories":[2,43],"tags":[],"aioseo_notices":[],"_links":{"self":[{"href":"https:\/\/www.ipod.info.pl\/index.php\/wp-json\/wp\/v2\/posts\/2693"}],"collection":[{"href":"https:\/\/www.ipod.info.pl\/index.php\/wp-json\/wp\/v2\/posts"}],"about":[{"href":"https:\/\/www.ipod.info.pl\/index.php\/wp-json\/wp\/v2\/types\/post"}],"author":[{"embeddable":true,"href":"https:\/\/www.ipod.info.pl\/index.php\/wp-json\/wp\/v2\/users\/2"}],"replies":[{"embeddable":true,"href":"https:\/\/www.ipod.info.pl\/index.php\/wp-json\/wp\/v2\/comments?post=2693"}],"version-history":[{"count":3,"href":"https:\/\/www.ipod.info.pl\/index.php\/wp-json\/wp\/v2\/posts\/2693\/revisions"}],"predecessor-version":[{"id":6014,"href":"https:\/\/www.ipod.info.pl\/index.php\/wp-json\/wp\/v2\/posts\/2693\/revisions\/6014"}],"wp:attachment":[{"href":"https:\/\/www.ipod.info.pl\/index.php\/wp-json\/wp\/v2\/media?parent=2693"}],"wp:term":[{"taxonomy":"category","embeddable":true,"href":"https:\/\/www.ipod.info.pl\/index.php\/wp-json\/wp\/v2\/categories?post=2693"},{"taxonomy":"post_tag","embeddable":true,"href":"https:\/\/www.ipod.info.pl\/index.php\/wp-json\/wp\/v2\/tags?post=2693"}],"curies":[{"name":"wp","href":"https:\/\/api.w.org\/{rel}","templated":true}]}}