{"id":3308,"date":"2008-12-15T13:14:11","date_gmt":"2008-12-15T12:14:11","guid":{"rendered":"http:\/\/www.ipod.info.pl\/?p=3308"},"modified":"2008-12-15T13:18:50","modified_gmt":"2008-12-15T12:18:50","slug":"iphone-nano-juz-w-styczniu-2009","status":"publish","type":"post","link":"https:\/\/www.ipod.info.pl\/index.php\/iphone-nano-juz-w-styczniu-2009\/","title":{"rendered":"iPhone nano ju\u017c w styczniu 2009?"},"content":{"rendered":"<p>Bardzo mo\u017cliwe, \u017ce zbli\u017caj\u0105ce si\u0119 <a href=\"http:\/\/www.ipod.info.pl\/index.php\/konferencja-macworld-2009-w-san-francisco-5-9-stycznia\/\">targi Macworld<\/a> w San Francisco (5 stycze\u0144) mog\u0105 nam przynie\u015b\u0107 wi\u0119ksze nowo\u015bci ni\u017c si\u0119 spodziewamy.<br \/>\nZa spraw\u0105 <a href=\"http:\/\/www.idealschina.com\/Insider\/NewsDetail.aspx?ArticleID=32\" target=\"_blank\">iDealsChina<\/a> wraca bowiem <a href=\"http:\/\/www.ipod.info.pl\/?s=&quot;iphone+nano&quot;\">temat iPhone\u2019a nano<\/a>. W tym serwisie kt\u00f3ry <a href=\"http:\/\/www.ipod.info.pl\/index.php\/ipod-nano-4g-z-dokowym-wyswietlaczem-i-zlaczem-mini-usb\/\">opublikowa\u0142 jaki\u015b czas temu jako pierwszy<\/a> potwierdzony potem wygl\u0105d iPoda nano 4G teraz mo\u017cna znale\u017a\u0107 renderingi pokazuj\u0105ce iPhone nano.<br \/>\nMia\u0142by on by\u0107 bardzo podobny do obecnego modelu 3G ale po prostu mniejszy w ka\u017cdym z wymiar\u00f3w. Mimo mniejszego rozmiaru wy\u015bwietlacza jego rozdzielczo\u015b\u0107 pozostanie bez zmian dzi\u0119ki czemu wszystkie aplikacje b\u0119d\u0105 na nim dzia\u0142a\u0142y bez zmian.<br \/>\nRenderingi pokazuj\u0105ce wygl\u0105d domniemanego iPhone nano pochodz\u0105 od producent akcesori\u00f3w <a href=\"http:\/\/www.xskn.com\/\" target=\"_blank\">XSKN<\/a>. Mo\u017ce by\u0107 w tym ziarnko prawdy jak wiemy z do\u015bwiadczenia zazwyczaj informacje o nowym produkcie Apple wyp\u0142ywaj\u0105 w\u0142a\u015bnie od producent\u00f3w akcesori\u00f3w.<br \/>\n[nggallery id=284]<\/p>\n","protected":false},"excerpt":{"rendered":"<p>Bardzo mo\u017cliwe, \u017ce zbli\u017caj\u0105ce si\u0119 targi Macworld w San Francisco (5 stycze\u0144) mog\u0105 nam przynie\u015b\u0107 wi\u0119ksze nowo\u015bci ni\u017c si\u0119 spodziewamy. Za spraw\u0105 iDealsChina wraca bowiem temat iPhone\u2019a nano. W tym serwisie kt\u00f3ry opublikowa\u0142 jaki\u015b czas temu jako pierwszy potwierdzony potem wygl\u0105d iPoda nano 4G teraz mo\u017cna znale\u017a\u0107 renderingi pokazuj\u0105ce iPhone nano. Mia\u0142by on by\u0107 bardzo [&hellip;]<\/p>\n","protected":false},"author":2,"featured_media":0,"comment_status":"open","ping_status":"open","sticky":false,"template":"","format":"standard","meta":{"footnotes":""},"categories":[10,16,32,48],"tags":[],"aioseo_notices":[],"_links":{"self":[{"href":"https:\/\/www.ipod.info.pl\/index.php\/wp-json\/wp\/v2\/posts\/3308"}],"collection":[{"href":"https:\/\/www.ipod.info.pl\/index.php\/wp-json\/wp\/v2\/posts"}],"about":[{"href":"https:\/\/www.ipod.info.pl\/index.php\/wp-json\/wp\/v2\/types\/post"}],"author":[{"embeddable":true,"href":"https:\/\/www.ipod.info.pl\/index.php\/wp-json\/wp\/v2\/users\/2"}],"replies":[{"embeddable":true,"href":"https:\/\/www.ipod.info.pl\/index.php\/wp-json\/wp\/v2\/comments?post=3308"}],"version-history":[{"count":4,"href":"https:\/\/www.ipod.info.pl\/index.php\/wp-json\/wp\/v2\/posts\/3308\/revisions"}],"predecessor-version":[{"id":3310,"href":"https:\/\/www.ipod.info.pl\/index.php\/wp-json\/wp\/v2\/posts\/3308\/revisions\/3310"}],"wp:attachment":[{"href":"https:\/\/www.ipod.info.pl\/index.php\/wp-json\/wp\/v2\/media?parent=3308"}],"wp:term":[{"taxonomy":"category","embeddable":true,"href":"https:\/\/www.ipod.info.pl\/index.php\/wp-json\/wp\/v2\/categories?post=3308"},{"taxonomy":"post_tag","embeddable":true,"href":"https:\/\/www.ipod.info.pl\/index.php\/wp-json\/wp\/v2\/tags?post=3308"}],"curies":[{"name":"wp","href":"https:\/\/api.w.org\/{rel}","templated":true}]}}