{"id":3876,"date":"2009-02-12T22:58:06","date_gmt":"2009-02-12T21:58:06","guid":{"rendered":"http:\/\/www.ipod.info.pl\/?p=3876"},"modified":"2009-06-10T09:41:30","modified_gmt":"2009-06-10T07:41:30","slug":"nowa-generacja-iphonea-bedzie-czarno-matowa","status":"publish","type":"post","link":"https:\/\/www.ipod.info.pl\/index.php\/nowa-generacja-iphonea-bedzie-czarno-matowa\/","title":{"rendered":"Nowa generacja iPhone&#8217;a b\u0119dzie matowo-czarna???"},"content":{"rendered":"<p>W serwisie <a href=\"http:\/\/www.ipodobserver.com\/ipo\/article\/new_16gb_iphone_3g_may_be_on_the_way\/\" target=\"_blank\">www.ipodobserver.com<\/a> pojawi\u0142y si\u0119 zdj\u0119cia obudowy iPhone\u2019a w kolorze czarnym matowym z nadrukowan\u0105 pojemno\u015bci\u0105 16GB. Obudowa wykonana jest z metalu podobnie jak by\u0142o z obudow\u0105 pierwszej wersji tego telefonu.Mo\u017cna spekulowa\u0107 czy to obudowa kolejnej generacji iPhone\u2019a czy tylko chi\u0144ska wariacja na temat obudowy do telefonu od Apple.<br \/>\nUwag\u0119 zwraca numer modelu nadrukowany na obudowie A1303. Obecny numer modelu iPhone&#8217;a 3G to A1241.<br \/>\nNie wiem jak Wy ja bardzo chc\u0119 nowego iPhone\u2019a bo obecny ju\u017c mi si\u0119 przejad\u0142 i na razie planuj\u0119 powr\u00f3t do poprzedniej generacji.<\/p>\n<p><a class=\"highslide\" href=\"http:\/\/www.ipod.info.pl\/wp-content\/uploads\/2009\/02\/154412-chinab.jpg\"><img loading=\"lazy\" decoding=\"async\" class=\"alignnone size-thumbnail wp-image-3883\" style=\"margin: 2px; border: 1px solid black;\" title=\"154412-chinab\" src=\"http:\/\/www.ipod.info.pl\/wp-content\/uploads\/2009\/02\/154412-chinab-85x120.jpg\" alt=\"154412-chinab\" width=\"85\" height=\"120\" srcset=\"https:\/\/www.ipod.info.pl\/wp-content\/uploads\/2009\/02\/154412-chinab-85x120.jpg 85w, https:\/\/www.ipod.info.pl\/wp-content\/uploads\/2009\/02\/154412-chinab-213x300.jpg 213w, https:\/\/www.ipod.info.pl\/wp-content\/uploads\/2009\/02\/154412-chinab.jpg 355w\" sizes=\"auto, (max-width: 85px) 100vw, 85px\" \/><\/a><a class=\"highslide\" href=\"http:\/\/www.ipod.info.pl\/wp-content\/uploads\/2009\/02\/154413-chinac.jpg\"><img loading=\"lazy\" decoding=\"async\" class=\"alignnone size-thumbnail wp-image-3884\" style=\"margin: 2px; border: 1px solid black;\" title=\"154413-chinac\" src=\"http:\/\/www.ipod.info.pl\/wp-content\/uploads\/2009\/02\/154413-chinac-120x80.jpg\" alt=\"154413-chinac\" width=\"120\" height=\"80\" srcset=\"https:\/\/www.ipod.info.pl\/wp-content\/uploads\/2009\/02\/154413-chinac-120x80.jpg 120w, https:\/\/www.ipod.info.pl\/wp-content\/uploads\/2009\/02\/154413-chinac-300x200.jpg 300w, https:\/\/www.ipod.info.pl\/wp-content\/uploads\/2009\/02\/154413-chinac.jpg 750w\" sizes=\"auto, (max-width: 120px) 100vw, 120px\" \/><\/a><a class=\"highslide\" href=\"http:\/\/www.ipod.info.pl\/wp-content\/uploads\/2009\/02\/154412-chinaa_425.jpg\"><img loading=\"lazy\" decoding=\"async\" class=\"alignnone size-thumbnail wp-image-3877\" style=\"margin: 2px; border: 1px solid black;\" title=\"154412-chinaa_425\" src=\"http:\/\/www.ipod.info.pl\/wp-content\/uploads\/2009\/02\/154412-chinaa_425-120x81.jpg\" alt=\"154412-chinaa_425\" width=\"120\" height=\"81\" srcset=\"https:\/\/www.ipod.info.pl\/wp-content\/uploads\/2009\/02\/154412-chinaa_425-120x81.jpg 120w, https:\/\/www.ipod.info.pl\/wp-content\/uploads\/2009\/02\/154412-chinaa_425-300x203.jpg 300w, https:\/\/www.ipod.info.pl\/wp-content\/uploads\/2009\/02\/154412-chinaa_425.jpg 425w\" sizes=\"auto, (max-width: 120px) 100vw, 120px\" \/><\/a><\/p>\n<p><a class=\"highslide\" href=\"http:\/\/www.ipod.info.pl\/wp-content\/uploads\/2009\/02\/154413-chinac.jpg\"><\/a><\/p>\n","protected":false},"excerpt":{"rendered":"<p>W serwisie www.ipodobserver.com pojawi\u0142y si\u0119 zdj\u0119cia obudowy iPhone\u2019a w kolorze czarnym matowym z nadrukowan\u0105 pojemno\u015bci\u0105 16GB. Obudowa wykonana jest z metalu podobnie jak by\u0142o z obudow\u0105 pierwszej wersji tego telefonu.Mo\u017cna spekulowa\u0107 czy to obudowa kolejnej generacji iPhone\u2019a czy tylko chi\u0144ska wariacja na temat obudowy do telefonu od Apple. Uwag\u0119 zwraca numer modelu nadrukowany na obudowie [&hellip;]<\/p>\n","protected":false},"author":2,"featured_media":0,"comment_status":"open","ping_status":"open","sticky":false,"template":"","format":"standard","meta":{"footnotes":""},"categories":[10,16,32,51,48],"tags":[],"class_list":["post-3876","post","type-post","status-publish","format-standard","hentry","category-apple","category-iphone","category-iphone-3g","category-iphone-3gs","category-iphone-nano"],"aioseo_notices":[],"aioseo_head":"\n\t\t<!-- All in One SEO 5.0.0.1 - aioseo.com -->\n\t<meta name=\"robots\" content=\"max-image-preview:large\" \/>\n\t<meta name=\"author\" content=\"norbi\"\/>\n\t<link rel=\"canonical\" href=\"https:\/\/www.ipod.info.pl\/index.php\/nowa-generacja-iphonea-bedzie-czarno-matowa\/\" \/>\n\t<meta name=\"generator\" content=\"All in One SEO (AIOSEO) 5.0.0.1\" \/>\n\t\t<meta property=\"og:locale\" content=\"pl_PL\" \/>\n\t\t<meta property=\"og:site_name\" content=\"iPod.info.pl \u2014 iPod, iPad, iPhone, iBlog | iPod, iPad, iPhone, iPhone 3G, iPhone 3GS, iPhone 4, Apple TV\" \/>\n\t\t<meta property=\"og:type\" content=\"article\" \/>\n\t\t<meta property=\"og:title\" content=\"Nowa generacja iPhone\u2019a b\u0119dzie matowo-czarna??? | iPod.info.pl \u2014 iPod, iPad, iPhone, iBlog\" \/>\n\t\t<meta property=\"og:url\" content=\"https:\/\/www.ipod.info.pl\/index.php\/nowa-generacja-iphonea-bedzie-czarno-matowa\/\" \/>\n\t\t<meta property=\"article:published_time\" content=\"2009-02-12T21:58:06+00:00\" \/>\n\t\t<meta property=\"article:modified_time\" content=\"2009-06-10T07:41:30+00:00\" \/>\n\t\t<meta name=\"twitter:card\" content=\"summary_large_image\" \/>\n\t\t<meta name=\"twitter:title\" content=\"Nowa generacja iPhone\u2019a b\u0119dzie matowo-czarna??? | iPod.info.pl \u2014 iPod, iPad, iPhone, iBlog\" \/>\n\t\t<script type=\"application\/ld+json\" class=\"aioseo-schema\">\n\t\t\t{\"@context\":\"https:\\\/\\\/schema.org\",\"@graph\":[{\"@type\":\"Article\",\"@id\":\"https:\\\/\\\/www.ipod.info.pl\\\/index.php\\\/nowa-generacja-iphonea-bedzie-czarno-matowa\\\/#article\",\"name\":\"Nowa generacja iPhone\\u2019a b\\u0119dzie matowo-czarna??? | iPod.info.pl \\u2014 iPod, iPad, iPhone, iBlog\",\"headline\":\"Nowa generacja iPhone&#8217;a b\\u0119dzie matowo-czarna???\",\"author\":{\"@id\":\"https:\\\/\\\/www.ipod.info.pl\\\/index.php\\\/author\\\/norbi\\\/#author\"},\"publisher\":{\"@id\":\"https:\\\/\\\/www.ipod.info.pl\\\/#organization\"},\"image\":{\"@type\":\"ImageObject\",\"url\":\"https:\\\/\\\/www.ipod.info.pl\\\/wp-content\\\/uploads\\\/2009\\\/02\\\/154412-chinab.jpg\",\"@id\":\"https:\\\/\\\/www.ipod.info.pl\\\/index.php\\\/nowa-generacja-iphonea-bedzie-czarno-matowa\\\/#articleImage\",\"width\":355,\"height\":499},\"datePublished\":\"2009-02-12T22:58:06+02:00\",\"dateModified\":\"2009-06-10T09:41:30+02:00\",\"inLanguage\":\"pl-PL\",\"commentCount\":20,\"mainEntityOfPage\":{\"@id\":\"https:\\\/\\\/www.ipod.info.pl\\\/index.php\\\/nowa-generacja-iphonea-bedzie-czarno-matowa\\\/#webpage\"},\"isPartOf\":{\"@id\":\"https:\\\/\\\/www.ipod.info.pl\\\/index.php\\\/nowa-generacja-iphonea-bedzie-czarno-matowa\\\/#webpage\"},\"articleSection\":\"Apple, iPhone, iPhone 3G (2G), iPhone 3GS (3G), iPhone nano\"},{\"@type\":\"BreadcrumbList\",\"@id\":\"https:\\\/\\\/www.ipod.info.pl\\\/index.php\\\/nowa-generacja-iphonea-bedzie-czarno-matowa\\\/#breadcrumblist\",\"itemListElement\":[{\"@type\":\"ListItem\",\"@id\":\"https:\\\/\\\/www.ipod.info.pl#listItem\",\"position\":1,\"name\":\"Dom\",\"item\":\"https:\\\/\\\/www.ipod.info.pl\",\"nextItem\":{\"@type\":\"ListItem\",\"@id\":\"https:\\\/\\\/www.ipod.info.pl\\\/index.php\\\/category\\\/apple\\\/#listItem\",\"name\":\"Apple\"}},{\"@type\":\"ListItem\",\"@id\":\"https:\\\/\\\/www.ipod.info.pl\\\/index.php\\\/category\\\/apple\\\/#listItem\",\"position\":2,\"name\":\"Apple\",\"item\":\"https:\\\/\\\/www.ipod.info.pl\\\/index.php\\\/category\\\/apple\\\/\",\"nextItem\":{\"@type\":\"ListItem\",\"@id\":\"https:\\\/\\\/www.ipod.info.pl\\\/index.php\\\/nowa-generacja-iphonea-bedzie-czarno-matowa\\\/#listItem\",\"name\":\"Nowa generacja iPhone&#8217;a b\\u0119dzie matowo-czarna???\"},\"previousItem\":{\"@type\":\"ListItem\",\"@id\":\"https:\\\/\\\/www.ipod.info.pl#listItem\",\"name\":\"Dom\"}},{\"@type\":\"ListItem\",\"@id\":\"https:\\\/\\\/www.ipod.info.pl\\\/index.php\\\/nowa-generacja-iphonea-bedzie-czarno-matowa\\\/#listItem\",\"position\":3,\"name\":\"Nowa generacja iPhone&#8217;a b\\u0119dzie matowo-czarna???\",\"previousItem\":{\"@type\":\"ListItem\",\"@id\":\"https:\\\/\\\/www.ipod.info.pl\\\/index.php\\\/category\\\/apple\\\/#listItem\",\"name\":\"Apple\"}}]},{\"@type\":\"Organization\",\"@id\":\"https:\\\/\\\/www.ipod.info.pl\\\/#organization\",\"name\":\"iPod.info.pl \\u2014 iPod, iPad, iPhone, iBlog\",\"description\":\"iPod, iPad, iPhone, iPhone 3G, iPhone 3GS, iPhone 4, Apple TV\",\"url\":\"https:\\\/\\\/www.ipod.info.pl\\\/\"},{\"@type\":\"Person\",\"@id\":\"https:\\\/\\\/www.ipod.info.pl\\\/index.php\\\/author\\\/norbi\\\/#author\",\"url\":\"https:\\\/\\\/www.ipod.info.pl\\\/index.php\\\/author\\\/norbi\\\/\",\"name\":\"norbi\"},{\"@type\":\"WebPage\",\"@id\":\"https:\\\/\\\/www.ipod.info.pl\\\/index.php\\\/nowa-generacja-iphonea-bedzie-czarno-matowa\\\/#webpage\",\"url\":\"https:\\\/\\\/www.ipod.info.pl\\\/index.php\\\/nowa-generacja-iphonea-bedzie-czarno-matowa\\\/\",\"name\":\"Nowa generacja iPhone\\u2019a b\\u0119dzie matowo-czarna??? | iPod.info.pl \\u2014 iPod, iPad, iPhone, iBlog\",\"inLanguage\":\"pl-PL\",\"isPartOf\":{\"@id\":\"https:\\\/\\\/www.ipod.info.pl\\\/#website\"},\"breadcrumb\":{\"@id\":\"https:\\\/\\\/www.ipod.info.pl\\\/index.php\\\/nowa-generacja-iphonea-bedzie-czarno-matowa\\\/#breadcrumblist\"},\"author\":{\"@id\":\"https:\\\/\\\/www.ipod.info.pl\\\/index.php\\\/author\\\/norbi\\\/#author\"},\"creator\":{\"@id\":\"https:\\\/\\\/www.ipod.info.pl\\\/index.php\\\/author\\\/norbi\\\/#author\"},\"datePublished\":\"2009-02-12T22:58:06+02:00\",\"dateModified\":\"2009-06-10T09:41:30+02:00\"},{\"@type\":\"WebSite\",\"@id\":\"https:\\\/\\\/www.ipod.info.pl\\\/#website\",\"url\":\"https:\\\/\\\/www.ipod.info.pl\\\/\",\"name\":\"iPod.info.pl \\u2014 iPod, iPad, iPhone, iBlog\",\"description\":\"iPod, iPad, iPhone, iPhone 3G, iPhone 3GS, iPhone 4, Apple TV\",\"inLanguage\":\"pl-PL\",\"publisher\":{\"@id\":\"https:\\\/\\\/www.ipod.info.pl\\\/#organization\"}}]}\n\t\t<\/script>\n\t\t<!-- All in One SEO -->\n\n","aioseo_head_json":{"title":"Nowa generacja iPhone\u2019a b\u0119dzie matowo-czarna??? | iPod.info.pl \u2014 iPod, iPad, iPhone, iBlog","description":"","canonical_url":"https:\/\/www.ipod.info.pl\/index.php\/nowa-generacja-iphonea-bedzie-czarno-matowa\/","robots":"max-image-preview:large","keywords":"","webmasterTools":{"miscellaneous":""},"schema":{"@context":"https:\/\/schema.org","@graph":[{"@type":"Article","@id":"https:\/\/www.ipod.info.pl\/index.php\/nowa-generacja-iphonea-bedzie-czarno-matowa\/#article","name":"Nowa generacja iPhone\u2019a b\u0119dzie matowo-czarna??? | iPod.info.pl \u2014 iPod, iPad, iPhone, iBlog","headline":"Nowa generacja iPhone&#8217;a b\u0119dzie matowo-czarna???","author":{"@id":"https:\/\/www.ipod.info.pl\/index.php\/author\/norbi\/#author"},"publisher":{"@id":"https:\/\/www.ipod.info.pl\/#organization"},"image":{"@type":"ImageObject","url":"https:\/\/www.ipod.info.pl\/wp-content\/uploads\/2009\/02\/154412-chinab.jpg","@id":"https:\/\/www.ipod.info.pl\/index.php\/nowa-generacja-iphonea-bedzie-czarno-matowa\/#articleImage","width":355,"height":499},"datePublished":"2009-02-12T22:58:06+02:00","dateModified":"2009-06-10T09:41:30+02:00","inLanguage":"pl-PL","commentCount":20,"mainEntityOfPage":{"@id":"https:\/\/www.ipod.info.pl\/index.php\/nowa-generacja-iphonea-bedzie-czarno-matowa\/#webpage"},"isPartOf":{"@id":"https:\/\/www.ipod.info.pl\/index.php\/nowa-generacja-iphonea-bedzie-czarno-matowa\/#webpage"},"articleSection":"Apple, iPhone, iPhone 3G (2G), iPhone 3GS (3G), iPhone nano"},{"@type":"BreadcrumbList","@id":"https:\/\/www.ipod.info.pl\/index.php\/nowa-generacja-iphonea-bedzie-czarno-matowa\/#breadcrumblist","itemListElement":[{"@type":"ListItem","@id":"https:\/\/www.ipod.info.pl#listItem","position":1,"name":"Dom","item":"https:\/\/www.ipod.info.pl","nextItem":{"@type":"ListItem","@id":"https:\/\/www.ipod.info.pl\/index.php\/category\/apple\/#listItem","name":"Apple"}},{"@type":"ListItem","@id":"https:\/\/www.ipod.info.pl\/index.php\/category\/apple\/#listItem","position":2,"name":"Apple","item":"https:\/\/www.ipod.info.pl\/index.php\/category\/apple\/","nextItem":{"@type":"ListItem","@id":"https:\/\/www.ipod.info.pl\/index.php\/nowa-generacja-iphonea-bedzie-czarno-matowa\/#listItem","name":"Nowa generacja iPhone&#8217;a b\u0119dzie matowo-czarna???"},"previousItem":{"@type":"ListItem","@id":"https:\/\/www.ipod.info.pl#listItem","name":"Dom"}},{"@type":"ListItem","@id":"https:\/\/www.ipod.info.pl\/index.php\/nowa-generacja-iphonea-bedzie-czarno-matowa\/#listItem","position":3,"name":"Nowa generacja iPhone&#8217;a b\u0119dzie matowo-czarna???","previousItem":{"@type":"ListItem","@id":"https:\/\/www.ipod.info.pl\/index.php\/category\/apple\/#listItem","name":"Apple"}}]},{"@type":"Organization","@id":"https:\/\/www.ipod.info.pl\/#organization","name":"iPod.info.pl \u2014 iPod, iPad, iPhone, iBlog","description":"iPod, iPad, iPhone, iPhone 3G, iPhone 3GS, iPhone 4, Apple TV","url":"https:\/\/www.ipod.info.pl\/"},{"@type":"Person","@id":"https:\/\/www.ipod.info.pl\/index.php\/author\/norbi\/#author","url":"https:\/\/www.ipod.info.pl\/index.php\/author\/norbi\/","name":"norbi"},{"@type":"WebPage","@id":"https:\/\/www.ipod.info.pl\/index.php\/nowa-generacja-iphonea-bedzie-czarno-matowa\/#webpage","url":"https:\/\/www.ipod.info.pl\/index.php\/nowa-generacja-iphonea-bedzie-czarno-matowa\/","name":"Nowa generacja iPhone\u2019a b\u0119dzie matowo-czarna??? | iPod.info.pl \u2014 iPod, iPad, iPhone, iBlog","inLanguage":"pl-PL","isPartOf":{"@id":"https:\/\/www.ipod.info.pl\/#website"},"breadcrumb":{"@id":"https:\/\/www.ipod.info.pl\/index.php\/nowa-generacja-iphonea-bedzie-czarno-matowa\/#breadcrumblist"},"author":{"@id":"https:\/\/www.ipod.info.pl\/index.php\/author\/norbi\/#author"},"creator":{"@id":"https:\/\/www.ipod.info.pl\/index.php\/author\/norbi\/#author"},"datePublished":"2009-02-12T22:58:06+02:00","dateModified":"2009-06-10T09:41:30+02:00"},{"@type":"WebSite","@id":"https:\/\/www.ipod.info.pl\/#website","url":"https:\/\/www.ipod.info.pl\/","name":"iPod.info.pl \u2014 iPod, iPad, iPhone, iBlog","description":"iPod, iPad, iPhone, iPhone 3G, iPhone 3GS, iPhone 4, Apple TV","inLanguage":"pl-PL","publisher":{"@id":"https:\/\/www.ipod.info.pl\/#organization"}}]},"og:locale":"pl_PL","og:site_name":"iPod.info.pl \u2014 iPod, iPad, iPhone, iBlog | iPod, iPad, iPhone, iPhone 3G, iPhone 3GS, iPhone 4, Apple TV","og:type":"article","og:title":"Nowa generacja iPhone\u2019a b\u0119dzie matowo-czarna??? | iPod.info.pl \u2014 iPod, iPad, iPhone, iBlog","og:url":"https:\/\/www.ipod.info.pl\/index.php\/nowa-generacja-iphonea-bedzie-czarno-matowa\/","article:published_time":"2009-02-12T21:58:06+00:00","article:modified_time":"2009-06-10T07:41:30+00:00","twitter:card":"summary_large_image","twitter:title":"Nowa generacja iPhone\u2019a b\u0119dzie matowo-czarna??? | iPod.info.pl \u2014 iPod, iPad, iPhone, iBlog"},"aioseo_meta_data":{"post_id":"3876","title":null,"description":null,"keywords":null,"keyphrases":null,"primary_term":null,"canonical_url":null,"og_title":null,"og_description":null,"og_object_type":"default","og_image_type":"default","og_image_url":null,"og_image_width":null,"og_image_height":null,"og_image_custom_url":null,"og_image_custom_fields":null,"og_video":null,"og_custom_url":null,"og_article_section":null,"og_article_tags":null,"twitter_use_og":false,"twitter_card":"default","twitter_image_type":"default","twitter_image_url":null,"twitter_image_custom_url":null,"twitter_image_custom_fields":null,"twitter_title":null,"twitter_description":null,"schema":{"blockGraphs":[],"customGraphs":[],"default":{"data":{"Article":[],"Course":[],"Dataset":[],"FAQPage":[],"Movie":[],"Person":[],"Product":[],"ProductReview":[],"Car":[],"Recipe":[],"Service":[],"SoftwareApplication":[],"WebPage":[]},"graphName":"","isEnabled":true},"graphs":[]},"schema_type":"default","schema_type_options":null,"pillar_content":false,"robots_default":true,"robots_noindex":false,"robots_noarchive":false,"robots_nosnippet":false,"robots_nofollow":false,"robots_noimageindex":false,"robots_noodp":false,"robots_notranslate":false,"robots_max_snippet":null,"robots_max_videopreview":null,"robots_max_imagepreview":"large","priority":null,"frequency":null,"local_seo":null,"limit_modified_date":false,"created":"2024-07-03 15:25:12","updated":"2026-08-13 15:42:58","focus_keyword":null,"additional_keywords":null,"truseo_locale":null,"ai":null,"breadcrumb_settings":null,"seo_analyzer_scan_date":null},"aioseo_breadcrumb":"<div class=\"aioseo-breadcrumbs\"><span class=\"aioseo-breadcrumb\">\n\t\t\t<a href=\"https:\/\/www.ipod.info.pl\" title=\"Dom\">Dom<\/a>\n\t\t<\/span><span class=\"aioseo-breadcrumb-separator\">&raquo;<\/span><span class=\"aioseo-breadcrumb\">\n\t\t\t<a href=\"https:\/\/www.ipod.info.pl\/index.php\/category\/apple\/\" title=\"Apple\">Apple<\/a>\n\t\t<\/span><span class=\"aioseo-breadcrumb-separator\">&raquo;<\/span><span class=\"aioseo-breadcrumb\">\n\t\t\tNowa generacja iPhone\u2019a b\u0119dzie matowo-czarna???\n\t\t<\/span><\/div>","aioseo_breadcrumb_json":[{"label":"Dom","link":"https:\/\/www.ipod.info.pl"},{"label":"Apple","link":"https:\/\/www.ipod.info.pl\/index.php\/category\/apple\/"},{"label":"Nowa generacja iPhone&#8217;a b\u0119dzie matowo-czarna???","link":"https:\/\/www.ipod.info.pl\/index.php\/nowa-generacja-iphonea-bedzie-czarno-matowa\/"}],"_links":{"self":[{"href":"https:\/\/www.ipod.info.pl\/index.php\/wp-json\/wp\/v2\/posts\/3876","targetHints":{"allow":["GET"]}}],"collection":[{"href":"https:\/\/www.ipod.info.pl\/index.php\/wp-json\/wp\/v2\/posts"}],"about":[{"href":"https:\/\/www.ipod.info.pl\/index.php\/wp-json\/wp\/v2\/types\/post"}],"author":[{"embeddable":true,"href":"https:\/\/www.ipod.info.pl\/index.php\/wp-json\/wp\/v2\/users\/2"}],"replies":[{"embeddable":true,"href":"https:\/\/www.ipod.info.pl\/index.php\/wp-json\/wp\/v2\/comments?post=3876"}],"version-history":[{"count":9,"href":"https:\/\/www.ipod.info.pl\/index.php\/wp-json\/wp\/v2\/posts\/3876\/revisions"}],"predecessor-version":[{"id":3880,"href":"https:\/\/www.ipod.info.pl\/index.php\/wp-json\/wp\/v2\/posts\/3876\/revisions\/3880"}],"wp:attachment":[{"href":"https:\/\/www.ipod.info.pl\/index.php\/wp-json\/wp\/v2\/media?parent=3876"}],"wp:term":[{"taxonomy":"category","embeddable":true,"href":"https:\/\/www.ipod.info.pl\/index.php\/wp-json\/wp\/v2\/categories?post=3876"},{"taxonomy":"post_tag","embeddable":true,"href":"https:\/\/www.ipod.info.pl\/index.php\/wp-json\/wp\/v2\/tags?post=3876"}],"curies":[{"name":"wp","href":"https:\/\/api.w.org\/{rel}","templated":true}]}}