{"id":6744,"date":"2009-11-08T19:04:41","date_gmt":"2009-11-08T18:04:41","guid":{"rendered":"http:\/\/www.ipod.info.pl\/?p=6744"},"modified":"2009-11-08T19:05:20","modified_gmt":"2009-11-08T18:05:20","slug":"apple-tv-3-0-1","status":"publish","type":"post","link":"https:\/\/www.ipod.info.pl\/index.php\/apple-tv-3-0-1\/","title":{"rendered":"Apple TV 3.0.1"},"content":{"rendered":"<p><a class=\"highslide\" href=\"http:\/\/www.ipod.info.pl\/wp-content\/uploads\/2009\/11\/DSC_0381.JPG\"><img loading=\"lazy\" decoding=\"async\" class=\"alignright size-medium wp-image-6745\" title=\"Apple TV 3.0.1\" src=\"http:\/\/www.ipod.info.pl\/wp-content\/uploads\/2009\/11\/DSC_0381-300x177.jpg\" alt=\"Apple TV 3.0.1\" width=\"300\" height=\"177\" srcset=\"https:\/\/www.ipod.info.pl\/wp-content\/uploads\/2009\/11\/DSC_0381-300x177.jpg 300w, https:\/\/www.ipod.info.pl\/wp-content\/uploads\/2009\/11\/DSC_0381-120x71.jpg 120w, https:\/\/www.ipod.info.pl\/wp-content\/uploads\/2009\/11\/DSC_0381-1024x606.jpg 1024w, https:\/\/www.ipod.info.pl\/wp-content\/uploads\/2009\/11\/DSC_0381.JPG 1144w\" sizes=\"(max-width: 300px) 100vw, 300px\" \/><\/a>Apple <a href=\"http:\/\/support.apple.com\/kb\/TS3116\" target=\"_blank\">wyda\u0142o uaktualnienie<\/a> oprogramowania dla Apple TV. W niedawno <a href=\"http:\/\/www.ipod.info.pl\/index.php\/apple-tv-3-0-wydane-i-z-nowym-interfejsem\/\">wydanej wersji 3.0<\/a> odkryto chyba spore problemy poniewa\u017c firma postanowi\u0142a rozes\u0142a\u0107 nawet list do u\u017cytkownik\u00f3w kt\u00f3rzy zarejestrowali swoje urz\u0105dzenia. W li\u015bcie firma zaleca jak najszybsz\u0105 aktualizacj\u0119 do nowej wersji 3.0.1.<br \/>\nWykrytym problem jest podobno znikanie zawarto\u015bci Apple TV w czasie synchronizacji.<br \/>\nU Siebie problem\u00f3w nie zauwa\u017cy\u0142em, ale zgodnie z zaleceniem Apple wykona\u0142em aktualizacj\u0119 co i Wam polecam. Dodam te\u017c, \u017ce Apple TV z oprogramowaniem 3.0 dzia\u0142a zdecydowanie lepiej ni\u017c, z wersjami 2.x. G\u0142\u00f3wnie poprawi\u0142a si\u0119 w\u0142a\u015bnie synchronizacja z komputerem.<\/p>\n<p>PS. Apple zaleca przed aktualizacj\u0119 restart poprzez od\u0142\u0105czenie zasilania.<\/p>\n","protected":false},"excerpt":{"rendered":"<p>Apple wyda\u0142o uaktualnienie oprogramowania dla Apple TV. W niedawno wydanej wersji 3.0 odkryto chyba spore problemy poniewa\u017c firma postanowi\u0142a rozes\u0142a\u0107 nawet list do u\u017cytkownik\u00f3w kt\u00f3rzy zarejestrowali swoje urz\u0105dzenia. W li\u015bcie firma zaleca jak najszybsz\u0105 aktualizacj\u0119 do nowej wersji 3.0.1. Wykrytym problem jest podobno znikanie zawarto\u015bci Apple TV w czasie synchronizacji. U Siebie problem\u00f3w nie zauwa\u017cy\u0142em, [&hellip;]<\/p>\n","protected":false},"author":2,"featured_media":0,"comment_status":"open","ping_status":"open","sticky":false,"template":"","format":"standard","meta":{"footnotes":""},"categories":[12],"tags":[],"aioseo_notices":[],"_links":{"self":[{"href":"https:\/\/www.ipod.info.pl\/index.php\/wp-json\/wp\/v2\/posts\/6744"}],"collection":[{"href":"https:\/\/www.ipod.info.pl\/index.php\/wp-json\/wp\/v2\/posts"}],"about":[{"href":"https:\/\/www.ipod.info.pl\/index.php\/wp-json\/wp\/v2\/types\/post"}],"author":[{"embeddable":true,"href":"https:\/\/www.ipod.info.pl\/index.php\/wp-json\/wp\/v2\/users\/2"}],"replies":[{"embeddable":true,"href":"https:\/\/www.ipod.info.pl\/index.php\/wp-json\/wp\/v2\/comments?post=6744"}],"version-history":[{"count":3,"href":"https:\/\/www.ipod.info.pl\/index.php\/wp-json\/wp\/v2\/posts\/6744\/revisions"}],"predecessor-version":[{"id":6748,"href":"https:\/\/www.ipod.info.pl\/index.php\/wp-json\/wp\/v2\/posts\/6744\/revisions\/6748"}],"wp:attachment":[{"href":"https:\/\/www.ipod.info.pl\/index.php\/wp-json\/wp\/v2\/media?parent=6744"}],"wp:term":[{"taxonomy":"category","embeddable":true,"href":"https:\/\/www.ipod.info.pl\/index.php\/wp-json\/wp\/v2\/categories?post=6744"},{"taxonomy":"post_tag","embeddable":true,"href":"https:\/\/www.ipod.info.pl\/index.php\/wp-json\/wp\/v2\/tags?post=6744"}],"curies":[{"name":"wp","href":"https:\/\/api.w.org\/{rel}","templated":true}]}}