{"id":7534,"date":"2010-01-31T15:45:53","date_gmt":"2010-01-31T14:45:53","guid":{"rendered":"http:\/\/www.ipod.info.pl\/?p=7534"},"modified":"2010-01-31T15:46:35","modified_gmt":"2010-01-31T14:46:35","slug":"koncept-iphonea-4g-2","status":"publish","type":"post","link":"https:\/\/www.ipod.info.pl\/index.php\/koncept-iphonea-4g-2\/","title":{"rendered":"Koncept iPhone&#8217;a 4G"},"content":{"rendered":"<p><a class=\"highslide\" href=\"http:\/\/www.ipod.info.pl\/wp-content\/uploads\/2010\/01\/iphone-4G-V4.jpg\"><img loading=\"lazy\" decoding=\"async\" class=\"alignright size-medium wp-image-7535\" title=\"Koncept iPhone'a 4G\" src=\"http:\/\/www.ipod.info.pl\/wp-content\/uploads\/2010\/01\/iphone-4G-V4-219x300.jpg\" alt=\"\" width=\"219\" height=\"300\" srcset=\"https:\/\/www.ipod.info.pl\/wp-content\/uploads\/2010\/01\/iphone-4G-V4-219x300.jpg 219w, https:\/\/www.ipod.info.pl\/wp-content\/uploads\/2010\/01\/iphone-4G-V4-87x120.jpg 87w, https:\/\/www.ipod.info.pl\/wp-content\/uploads\/2010\/01\/iphone-4G-V4.jpg 386w\" sizes=\"(max-width: 219px) 100vw, 219px\" \/><\/a>Mamy MacBooki w obudowach unibody, mamy komputery iMac w unibody,\u00a0 ko\u0144cu mamy <a href=\"http:\/\/www.ipod.info.pl\/index.php\/category\/ipad\/\">iPada<\/a> kt\u00f3ry te\u017c posiada aluminiow\u0105 obudow\u0119 tego typu. Chyba wi\u0119c nadszed\u0142 czas na iPhone&#8217;a w takiej obudowie. Szczeg\u00f3\u0142nie, \u017ce jak wida\u0107 na podstawie iPada uda\u0142o si\u0119 w\u0142o\u017cy\u0107 i <a href=\"http:\/\/www.ipod.info.pl\/index.php\/ipad-vs-ipad\/\" target=\"_blank\">modu\u0142 GPS i modu\u0142 GSM<\/a> w alumioniow\u0105 obudow\u0119. Taki koncept pokaza\u0142 francuski serwis <a href=\"http:\/\/www.iphon.fr\/post\/2010\/01\/30\/L-iPad-nous-en-dit-plus-sur-le-prochain-Firmware-et-iPhone\" target=\"_blank\">www.iphon.fr<\/a>. Musiscie przyzna\u0107, \u017ce wygl\u0105da fenomenalnie. Co wi\u0119cej uwa\u017cam, \u017ce to bardzo proawdopodobny wygl\u0105d iPhone 4G.<br \/>\nSk\u0105d wiem, \u017ce chcieli by\u015bcie aby tak w\u0142a\u015bnie wygl\u0105da\u0142 nast\u0119pna iPhone :)<br \/>\n<span style=\"color: #ffffff;\">.<br \/>\n.<br \/>\n.<br \/>\n&gt;<br \/>\n.<\/span><\/p>\n","protected":false},"excerpt":{"rendered":"<p>Mamy MacBooki w obudowach unibody, mamy komputery iMac w unibody,\u00a0 ko\u0144cu mamy iPada kt\u00f3ry te\u017c posiada aluminiow\u0105 obudow\u0119 tego typu. Chyba wi\u0119c nadszed\u0142 czas na iPhone&#8217;a w takiej obudowie. Szczeg\u00f3\u0142nie, \u017ce jak wida\u0107 na podstawie iPada uda\u0142o si\u0119 w\u0142o\u017cy\u0107 i modu\u0142 GPS i modu\u0142 GSM w alumioniow\u0105 obudow\u0119. Taki koncept pokaza\u0142 francuski serwis www.iphon.fr. Musiscie [&hellip;]<\/p>\n","protected":false},"author":2,"featured_media":0,"comment_status":"open","ping_status":"open","sticky":false,"template":"","format":"standard","meta":{"footnotes":""},"categories":[55,16,32,51,57],"tags":[],"aioseo_notices":[],"_links":{"self":[{"href":"https:\/\/www.ipod.info.pl\/index.php\/wp-json\/wp\/v2\/posts\/7534"}],"collection":[{"href":"https:\/\/www.ipod.info.pl\/index.php\/wp-json\/wp\/v2\/posts"}],"about":[{"href":"https:\/\/www.ipod.info.pl\/index.php\/wp-json\/wp\/v2\/types\/post"}],"author":[{"embeddable":true,"href":"https:\/\/www.ipod.info.pl\/index.php\/wp-json\/wp\/v2\/users\/2"}],"replies":[{"embeddable":true,"href":"https:\/\/www.ipod.info.pl\/index.php\/wp-json\/wp\/v2\/comments?post=7534"}],"version-history":[{"count":4,"href":"https:\/\/www.ipod.info.pl\/index.php\/wp-json\/wp\/v2\/posts\/7534\/revisions"}],"predecessor-version":[{"id":7539,"href":"https:\/\/www.ipod.info.pl\/index.php\/wp-json\/wp\/v2\/posts\/7534\/revisions\/7539"}],"wp:attachment":[{"href":"https:\/\/www.ipod.info.pl\/index.php\/wp-json\/wp\/v2\/media?parent=7534"}],"wp:term":[{"taxonomy":"category","embeddable":true,"href":"https:\/\/www.ipod.info.pl\/index.php\/wp-json\/wp\/v2\/categories?post=7534"},{"taxonomy":"post_tag","embeddable":true,"href":"https:\/\/www.ipod.info.pl\/index.php\/wp-json\/wp\/v2\/tags?post=7534"}],"curies":[{"name":"wp","href":"https:\/\/api.w.org\/{rel}","templated":true}]}}