{"id":8259,"date":"2010-04-02T09:32:34","date_gmt":"2010-04-02T07:32:34","guid":{"rendered":"http:\/\/www.ipod.info.pl\/?p=8259"},"modified":"2013-05-02T00:11:31","modified_gmt":"2013-05-01T22:11:31","slug":"polska-premiera-ipada-jednak-12-kwietnia","status":"publish","type":"post","link":"https:\/\/www.ipod.info.pl\/index.php\/polska-premiera-ipada-jednak-12-kwietnia\/","title":{"rendered":"Polska premiera iPada jednak 12 kwietnia"},"content":{"rendered":"<p style=\"text-align: justify;\"><a class=\"highslide\" href=\"http:\/\/www.ipod.info.pl\/wp-content\/uploads\/2010\/03\/ipad2.png\"><img loading=\"lazy\" decoding=\"async\" class=\"alignright size-full wp-image-8177\" title=\"Polska prezentacja iPada\" alt=\"\" src=\"http:\/\/www.ipod.info.pl\/wp-content\/uploads\/2010\/03\/ipad2.png\" width=\"300\" height=\"250\" srcset=\"https:\/\/www.ipod.info.pl\/wp-content\/uploads\/2010\/03\/ipad2.png 300w, https:\/\/www.ipod.info.pl\/wp-content\/uploads\/2010\/03\/ipad2-120x100.png 120w\" sizes=\"auto, (max-width: 300px) 100vw, 300px\" \/><\/a>No dobra, ale tylko taka nieoficjalna.<br \/>\nWczorajsza <a href=\"http:\/\/www.ipod.info.pl\/index.php\/premiera-ipada-w-polsce-juz-12-kwietnia\/\">informacja o pomy\u0142ce webmaster\u00f3w Apple<\/a> i planowanej na 12 kwietnia oficjalnej premierze iPada by\u0142a troch\u0119 zmy\u015blona. Ale aby\u015bcie nie byli do ko\u0144ca zawiedzeni przypominam, \u017ce\u00a012 kwietnia faktycznie b\u0119dziecie mogli zobaczy\u0107 i dotkn\u0105\u0107 iPada. Wszystko to dzi\u0119ki temu, \u017ce\u00a0magazyn <a href=\"http:\/\/mojejabluszko.pl\/2010\/03\/29\/ipad-rozczarowanie-czy-rewolucja-zapraszamy-na-spotkanie-i-obejrzenie-ipada-na-zywo\/\" target=\"_blank\">Moje Jab\u0142uszko<\/a> wsp\u00f3lnie z Macoscope organizuje imprez\u0119 p.t.<br \/>\n<strong>\u201ciPad \u2013 rozczarowanie czy rewolucja?\u201c<br \/>\n<span style=\"font-weight: normal;\">W trakcie prezentacji b\u0119dziecie mogli us\u0142ysze\u0107 o najnowszych projektach firmy Macoscope i Mojego Jab\u0142uszka oraz \u2026.. zobaczy\u0107 na \u017cywo i wzi\u0105\u0107 do r\u0119ki najnowsze dziecko Apple \u2013 iPada.<br \/>\nWszytko to zdarzy si\u0119 w poniedzia\u0142ek, 12 kwietnia 2010 roku o godzinie 19.00 w Zagadka CoffeeBar, Warszawa, ul. Elektoralna 24<br \/>\nJe\u015bli nie b\u0119dziecie mogli by\u0107 tam na \u017cywo to zapraszam do ogl\u0105dania transmisji na \u017cywo, oczywi\u015bcie dzi\u0119ki firmie\u00a0<a href=\"http:\/\/www.streamonline.pl\/\" target=\"_blank\">Stream Online<\/a>. Transmisja b\u0119dzie si\u0119 odbywa\u0142a na stronie MJ oraz u mnie na blogu. B\u0119dziecie te\u017c mogli j\u0105 zobaczy\u0107 bezpo\u015brednio na ekranach waszych iPhon\u00f3w lub iPad\u00f3w :)<\/span><\/strong><\/p>\n","protected":false},"excerpt":{"rendered":"<p>No dobra, ale tylko taka nieoficjalna. Wczorajsza informacja o pomy\u0142ce webmaster\u00f3w Apple i planowanej na 12 kwietnia oficjalnej premierze iPada by\u0142a troch\u0119 zmy\u015blona. Ale aby\u015bcie nie byli do ko\u0144ca zawiedzeni przypominam, \u017ce\u00a012 kwietnia faktycznie b\u0119dziecie mogli zobaczy\u0107 i dotkn\u0105\u0107 iPada. Wszystko to dzi\u0119ki temu, \u017ce\u00a0magazyn Moje Jab\u0142uszko wsp\u00f3lnie z Macoscope organizuje imprez\u0119 p.t. \u201ciPad \u2013 [&hellip;]<\/p>\n","protected":false},"author":2,"featured_media":0,"comment_status":"open","ping_status":"open","sticky":false,"template":"","format":"standard","meta":{"footnotes":""},"categories":[10,55],"tags":[],"class_list":["post-8259","post","type-post","status-publish","format-standard","hentry","category-apple","category-ipad1g"],"aioseo_notices":[],"aioseo_head":"\n\t\t<!-- All in One SEO 5.0.0.1 - aioseo.com -->\n\t<meta name=\"robots\" content=\"max-image-preview:large\" \/>\n\t<meta name=\"author\" content=\"norbi\"\/>\n\t<link rel=\"canonical\" href=\"https:\/\/www.ipod.info.pl\/index.php\/polska-premiera-ipada-jednak-12-kwietnia\/\" \/>\n\t<meta name=\"generator\" content=\"All in One SEO (AIOSEO) 5.0.0.1\" \/>\n\t\t<meta property=\"og:locale\" content=\"pl_PL\" \/>\n\t\t<meta property=\"og:site_name\" content=\"iPod.info.pl \u2014 iPod, iPad, iPhone, iBlog | iPod, iPad, iPhone, iPhone 3G, iPhone 3GS, iPhone 4, Apple TV\" \/>\n\t\t<meta property=\"og:type\" content=\"article\" \/>\n\t\t<meta property=\"og:title\" content=\"Polska premiera iPada jednak 12 kwietnia | iPod.info.pl \u2014 iPod, iPad, iPhone, iBlog\" \/>\n\t\t<meta property=\"og:url\" content=\"https:\/\/www.ipod.info.pl\/index.php\/polska-premiera-ipada-jednak-12-kwietnia\/\" \/>\n\t\t<meta property=\"article:published_time\" content=\"2010-04-02T07:32:34+00:00\" \/>\n\t\t<meta property=\"article:modified_time\" content=\"2013-05-01T22:11:31+00:00\" \/>\n\t\t<meta name=\"twitter:card\" content=\"summary_large_image\" \/>\n\t\t<meta name=\"twitter:title\" content=\"Polska premiera iPada jednak 12 kwietnia | iPod.info.pl \u2014 iPod, iPad, iPhone, iBlog\" \/>\n\t\t<script type=\"application\/ld+json\" class=\"aioseo-schema\">\n\t\t\t{\"@context\":\"https:\\\/\\\/schema.org\",\"@graph\":[{\"@type\":\"Article\",\"@id\":\"https:\\\/\\\/www.ipod.info.pl\\\/index.php\\\/polska-premiera-ipada-jednak-12-kwietnia\\\/#article\",\"name\":\"Polska premiera iPada jednak 12 kwietnia | iPod.info.pl \\u2014 iPod, iPad, iPhone, iBlog\",\"headline\":\"Polska premiera iPada jednak 12 kwietnia\",\"author\":{\"@id\":\"https:\\\/\\\/www.ipod.info.pl\\\/index.php\\\/author\\\/norbi\\\/#author\"},\"publisher\":{\"@id\":\"https:\\\/\\\/www.ipod.info.pl\\\/#organization\"},\"image\":{\"@type\":\"ImageObject\",\"url\":\"https:\\\/\\\/www.ipod.info.pl\\\/wp-content\\\/uploads\\\/2010\\\/03\\\/ipad2.png\",\"@id\":\"https:\\\/\\\/www.ipod.info.pl\\\/index.php\\\/polska-premiera-ipada-jednak-12-kwietnia\\\/#articleImage\",\"width\":300,\"height\":250},\"datePublished\":\"2010-04-02T09:32:34+02:00\",\"dateModified\":\"2013-05-02T00:11:31+02:00\",\"inLanguage\":\"pl-PL\",\"commentCount\":11,\"mainEntityOfPage\":{\"@id\":\"https:\\\/\\\/www.ipod.info.pl\\\/index.php\\\/polska-premiera-ipada-jednak-12-kwietnia\\\/#webpage\"},\"isPartOf\":{\"@id\":\"https:\\\/\\\/www.ipod.info.pl\\\/index.php\\\/polska-premiera-ipada-jednak-12-kwietnia\\\/#webpage\"},\"articleSection\":\"Apple, iPad\"},{\"@type\":\"BreadcrumbList\",\"@id\":\"https:\\\/\\\/www.ipod.info.pl\\\/index.php\\\/polska-premiera-ipada-jednak-12-kwietnia\\\/#breadcrumblist\",\"itemListElement\":[{\"@type\":\"ListItem\",\"@id\":\"https:\\\/\\\/www.ipod.info.pl#listItem\",\"position\":1,\"name\":\"Dom\",\"item\":\"https:\\\/\\\/www.ipod.info.pl\",\"nextItem\":{\"@type\":\"ListItem\",\"@id\":\"https:\\\/\\\/www.ipod.info.pl\\\/index.php\\\/category\\\/apple\\\/#listItem\",\"name\":\"Apple\"}},{\"@type\":\"ListItem\",\"@id\":\"https:\\\/\\\/www.ipod.info.pl\\\/index.php\\\/category\\\/apple\\\/#listItem\",\"position\":2,\"name\":\"Apple\",\"item\":\"https:\\\/\\\/www.ipod.info.pl\\\/index.php\\\/category\\\/apple\\\/\",\"nextItem\":{\"@type\":\"ListItem\",\"@id\":\"https:\\\/\\\/www.ipod.info.pl\\\/index.php\\\/polska-premiera-ipada-jednak-12-kwietnia\\\/#listItem\",\"name\":\"Polska premiera iPada jednak 12 kwietnia\"},\"previousItem\":{\"@type\":\"ListItem\",\"@id\":\"https:\\\/\\\/www.ipod.info.pl#listItem\",\"name\":\"Dom\"}},{\"@type\":\"ListItem\",\"@id\":\"https:\\\/\\\/www.ipod.info.pl\\\/index.php\\\/polska-premiera-ipada-jednak-12-kwietnia\\\/#listItem\",\"position\":3,\"name\":\"Polska premiera iPada jednak 12 kwietnia\",\"previousItem\":{\"@type\":\"ListItem\",\"@id\":\"https:\\\/\\\/www.ipod.info.pl\\\/index.php\\\/category\\\/apple\\\/#listItem\",\"name\":\"Apple\"}}]},{\"@type\":\"Organization\",\"@id\":\"https:\\\/\\\/www.ipod.info.pl\\\/#organization\",\"name\":\"iPod.info.pl \\u2014 iPod, iPad, iPhone, iBlog\",\"description\":\"iPod, iPad, iPhone, iPhone 3G, iPhone 3GS, iPhone 4, Apple TV\",\"url\":\"https:\\\/\\\/www.ipod.info.pl\\\/\"},{\"@type\":\"Person\",\"@id\":\"https:\\\/\\\/www.ipod.info.pl\\\/index.php\\\/author\\\/norbi\\\/#author\",\"url\":\"https:\\\/\\\/www.ipod.info.pl\\\/index.php\\\/author\\\/norbi\\\/\",\"name\":\"norbi\"},{\"@type\":\"WebPage\",\"@id\":\"https:\\\/\\\/www.ipod.info.pl\\\/index.php\\\/polska-premiera-ipada-jednak-12-kwietnia\\\/#webpage\",\"url\":\"https:\\\/\\\/www.ipod.info.pl\\\/index.php\\\/polska-premiera-ipada-jednak-12-kwietnia\\\/\",\"name\":\"Polska premiera iPada jednak 12 kwietnia | iPod.info.pl \\u2014 iPod, iPad, iPhone, iBlog\",\"inLanguage\":\"pl-PL\",\"isPartOf\":{\"@id\":\"https:\\\/\\\/www.ipod.info.pl\\\/#website\"},\"breadcrumb\":{\"@id\":\"https:\\\/\\\/www.ipod.info.pl\\\/index.php\\\/polska-premiera-ipada-jednak-12-kwietnia\\\/#breadcrumblist\"},\"author\":{\"@id\":\"https:\\\/\\\/www.ipod.info.pl\\\/index.php\\\/author\\\/norbi\\\/#author\"},\"creator\":{\"@id\":\"https:\\\/\\\/www.ipod.info.pl\\\/index.php\\\/author\\\/norbi\\\/#author\"},\"datePublished\":\"2010-04-02T09:32:34+02:00\",\"dateModified\":\"2013-05-02T00:11:31+02:00\"},{\"@type\":\"WebSite\",\"@id\":\"https:\\\/\\\/www.ipod.info.pl\\\/#website\",\"url\":\"https:\\\/\\\/www.ipod.info.pl\\\/\",\"name\":\"iPod.info.pl \\u2014 iPod, iPad, iPhone, iBlog\",\"description\":\"iPod, iPad, iPhone, iPhone 3G, iPhone 3GS, iPhone 4, Apple TV\",\"inLanguage\":\"pl-PL\",\"publisher\":{\"@id\":\"https:\\\/\\\/www.ipod.info.pl\\\/#organization\"}}]}\n\t\t<\/script>\n\t\t<!-- All in One SEO -->\n\n","aioseo_head_json":{"title":"Polska premiera iPada jednak 12 kwietnia | iPod.info.pl \u2014 iPod, iPad, iPhone, iBlog","description":"","canonical_url":"https:\/\/www.ipod.info.pl\/index.php\/polska-premiera-ipada-jednak-12-kwietnia\/","robots":"max-image-preview:large","keywords":"","webmasterTools":{"miscellaneous":""},"schema":{"@context":"https:\/\/schema.org","@graph":[{"@type":"Article","@id":"https:\/\/www.ipod.info.pl\/index.php\/polska-premiera-ipada-jednak-12-kwietnia\/#article","name":"Polska premiera iPada jednak 12 kwietnia | iPod.info.pl \u2014 iPod, iPad, iPhone, iBlog","headline":"Polska premiera iPada jednak 12 kwietnia","author":{"@id":"https:\/\/www.ipod.info.pl\/index.php\/author\/norbi\/#author"},"publisher":{"@id":"https:\/\/www.ipod.info.pl\/#organization"},"image":{"@type":"ImageObject","url":"https:\/\/www.ipod.info.pl\/wp-content\/uploads\/2010\/03\/ipad2.png","@id":"https:\/\/www.ipod.info.pl\/index.php\/polska-premiera-ipada-jednak-12-kwietnia\/#articleImage","width":300,"height":250},"datePublished":"2010-04-02T09:32:34+02:00","dateModified":"2013-05-02T00:11:31+02:00","inLanguage":"pl-PL","commentCount":11,"mainEntityOfPage":{"@id":"https:\/\/www.ipod.info.pl\/index.php\/polska-premiera-ipada-jednak-12-kwietnia\/#webpage"},"isPartOf":{"@id":"https:\/\/www.ipod.info.pl\/index.php\/polska-premiera-ipada-jednak-12-kwietnia\/#webpage"},"articleSection":"Apple, iPad"},{"@type":"BreadcrumbList","@id":"https:\/\/www.ipod.info.pl\/index.php\/polska-premiera-ipada-jednak-12-kwietnia\/#breadcrumblist","itemListElement":[{"@type":"ListItem","@id":"https:\/\/www.ipod.info.pl#listItem","position":1,"name":"Dom","item":"https:\/\/www.ipod.info.pl","nextItem":{"@type":"ListItem","@id":"https:\/\/www.ipod.info.pl\/index.php\/category\/apple\/#listItem","name":"Apple"}},{"@type":"ListItem","@id":"https:\/\/www.ipod.info.pl\/index.php\/category\/apple\/#listItem","position":2,"name":"Apple","item":"https:\/\/www.ipod.info.pl\/index.php\/category\/apple\/","nextItem":{"@type":"ListItem","@id":"https:\/\/www.ipod.info.pl\/index.php\/polska-premiera-ipada-jednak-12-kwietnia\/#listItem","name":"Polska premiera iPada jednak 12 kwietnia"},"previousItem":{"@type":"ListItem","@id":"https:\/\/www.ipod.info.pl#listItem","name":"Dom"}},{"@type":"ListItem","@id":"https:\/\/www.ipod.info.pl\/index.php\/polska-premiera-ipada-jednak-12-kwietnia\/#listItem","position":3,"name":"Polska premiera iPada jednak 12 kwietnia","previousItem":{"@type":"ListItem","@id":"https:\/\/www.ipod.info.pl\/index.php\/category\/apple\/#listItem","name":"Apple"}}]},{"@type":"Organization","@id":"https:\/\/www.ipod.info.pl\/#organization","name":"iPod.info.pl \u2014 iPod, iPad, iPhone, iBlog","description":"iPod, iPad, iPhone, iPhone 3G, iPhone 3GS, iPhone 4, Apple TV","url":"https:\/\/www.ipod.info.pl\/"},{"@type":"Person","@id":"https:\/\/www.ipod.info.pl\/index.php\/author\/norbi\/#author","url":"https:\/\/www.ipod.info.pl\/index.php\/author\/norbi\/","name":"norbi"},{"@type":"WebPage","@id":"https:\/\/www.ipod.info.pl\/index.php\/polska-premiera-ipada-jednak-12-kwietnia\/#webpage","url":"https:\/\/www.ipod.info.pl\/index.php\/polska-premiera-ipada-jednak-12-kwietnia\/","name":"Polska premiera iPada jednak 12 kwietnia | iPod.info.pl \u2014 iPod, iPad, iPhone, iBlog","inLanguage":"pl-PL","isPartOf":{"@id":"https:\/\/www.ipod.info.pl\/#website"},"breadcrumb":{"@id":"https:\/\/www.ipod.info.pl\/index.php\/polska-premiera-ipada-jednak-12-kwietnia\/#breadcrumblist"},"author":{"@id":"https:\/\/www.ipod.info.pl\/index.php\/author\/norbi\/#author"},"creator":{"@id":"https:\/\/www.ipod.info.pl\/index.php\/author\/norbi\/#author"},"datePublished":"2010-04-02T09:32:34+02:00","dateModified":"2013-05-02T00:11:31+02:00"},{"@type":"WebSite","@id":"https:\/\/www.ipod.info.pl\/#website","url":"https:\/\/www.ipod.info.pl\/","name":"iPod.info.pl \u2014 iPod, iPad, iPhone, iBlog","description":"iPod, iPad, iPhone, iPhone 3G, iPhone 3GS, iPhone 4, Apple TV","inLanguage":"pl-PL","publisher":{"@id":"https:\/\/www.ipod.info.pl\/#organization"}}]},"og:locale":"pl_PL","og:site_name":"iPod.info.pl \u2014 iPod, iPad, iPhone, iBlog | iPod, iPad, iPhone, iPhone 3G, iPhone 3GS, iPhone 4, Apple TV","og:type":"article","og:title":"Polska premiera iPada jednak 12 kwietnia | iPod.info.pl \u2014 iPod, iPad, iPhone, iBlog","og:url":"https:\/\/www.ipod.info.pl\/index.php\/polska-premiera-ipada-jednak-12-kwietnia\/","article:published_time":"2010-04-02T07:32:34+00:00","article:modified_time":"2013-05-01T22:11:31+00:00","twitter:card":"summary_large_image","twitter:title":"Polska premiera iPada jednak 12 kwietnia | iPod.info.pl \u2014 iPod, iPad, iPhone, iBlog"},"aioseo_meta_data":{"post_id":"8259","title":null,"description":null,"keywords":null,"keyphrases":null,"primary_term":null,"canonical_url":null,"og_title":null,"og_description":null,"og_object_type":"default","og_image_type":"default","og_image_url":null,"og_image_width":null,"og_image_height":null,"og_image_custom_url":null,"og_image_custom_fields":null,"og_video":null,"og_custom_url":null,"og_article_section":null,"og_article_tags":null,"twitter_use_og":false,"twitter_card":"default","twitter_image_type":"default","twitter_image_url":null,"twitter_image_custom_url":null,"twitter_image_custom_fields":null,"twitter_title":null,"twitter_description":null,"schema":{"blockGraphs":[],"customGraphs":[],"default":{"data":{"Article":[],"Course":[],"Dataset":[],"FAQPage":[],"Movie":[],"Person":[],"Product":[],"ProductReview":[],"Car":[],"Recipe":[],"Service":[],"SoftwareApplication":[],"WebPage":[]},"graphName":"","isEnabled":true},"graphs":[]},"schema_type":"default","schema_type_options":null,"pillar_content":false,"robots_default":true,"robots_noindex":false,"robots_noarchive":false,"robots_nosnippet":false,"robots_nofollow":false,"robots_noimageindex":false,"robots_noodp":false,"robots_notranslate":false,"robots_max_snippet":null,"robots_max_videopreview":null,"robots_max_imagepreview":"large","priority":null,"frequency":null,"local_seo":null,"limit_modified_date":false,"created":"2024-07-03 14:47:45","updated":"2026-08-13 17:52:08","focus_keyword":null,"additional_keywords":null,"truseo_locale":null,"ai":null,"breadcrumb_settings":null,"seo_analyzer_scan_date":null},"aioseo_breadcrumb":"<div class=\"aioseo-breadcrumbs\"><span class=\"aioseo-breadcrumb\">\n\t\t\t<a href=\"https:\/\/www.ipod.info.pl\" title=\"Dom\">Dom<\/a>\n\t\t<\/span><span class=\"aioseo-breadcrumb-separator\">&raquo;<\/span><span class=\"aioseo-breadcrumb\">\n\t\t\t<a href=\"https:\/\/www.ipod.info.pl\/index.php\/category\/apple\/\" title=\"Apple\">Apple<\/a>\n\t\t<\/span><span class=\"aioseo-breadcrumb-separator\">&raquo;<\/span><span class=\"aioseo-breadcrumb\">\n\t\t\tPolska premiera iPada jednak 12 kwietnia\n\t\t<\/span><\/div>","aioseo_breadcrumb_json":[{"label":"Dom","link":"https:\/\/www.ipod.info.pl"},{"label":"Apple","link":"https:\/\/www.ipod.info.pl\/index.php\/category\/apple\/"},{"label":"Polska premiera iPada jednak 12 kwietnia","link":"https:\/\/www.ipod.info.pl\/index.php\/polska-premiera-ipada-jednak-12-kwietnia\/"}],"_links":{"self":[{"href":"https:\/\/www.ipod.info.pl\/index.php\/wp-json\/wp\/v2\/posts\/8259","targetHints":{"allow":["GET"]}}],"collection":[{"href":"https:\/\/www.ipod.info.pl\/index.php\/wp-json\/wp\/v2\/posts"}],"about":[{"href":"https:\/\/www.ipod.info.pl\/index.php\/wp-json\/wp\/v2\/types\/post"}],"author":[{"embeddable":true,"href":"https:\/\/www.ipod.info.pl\/index.php\/wp-json\/wp\/v2\/users\/2"}],"replies":[{"embeddable":true,"href":"https:\/\/www.ipod.info.pl\/index.php\/wp-json\/wp\/v2\/comments?post=8259"}],"version-history":[{"count":3,"href":"https:\/\/www.ipod.info.pl\/index.php\/wp-json\/wp\/v2\/posts\/8259\/revisions"}],"predecessor-version":[{"id":8261,"href":"https:\/\/www.ipod.info.pl\/index.php\/wp-json\/wp\/v2\/posts\/8259\/revisions\/8261"}],"wp:attachment":[{"href":"https:\/\/www.ipod.info.pl\/index.php\/wp-json\/wp\/v2\/media?parent=8259"}],"wp:term":[{"taxonomy":"category","embeddable":true,"href":"https:\/\/www.ipod.info.pl\/index.php\/wp-json\/wp\/v2\/categories?post=8259"},{"taxonomy":"post_tag","embeddable":true,"href":"https:\/\/www.ipod.info.pl\/index.php\/wp-json\/wp\/v2\/tags?post=8259"}],"curies":[{"name":"wp","href":"https:\/\/api.w.org\/{rel}","templated":true}]}}