{"id":8705,"date":"2010-04-28T15:24:13","date_gmt":"2010-04-28T13:24:13","guid":{"rendered":"http:\/\/www.ipod.info.pl\/?p=8705"},"modified":"2010-04-28T15:26:44","modified_gmt":"2010-04-28T13:26:44","slug":"iphone-4g-zobaczymy-juz-7-czerwca","status":"publish","type":"post","link":"https:\/\/www.ipod.info.pl\/index.php\/iphone-4g-zobaczymy-juz-7-czerwca\/","title":{"rendered":"iPhone 4G zobaczymy ju\u017c 7 czerwca!"},"content":{"rendered":"<p><a class=\"highslide\" href=\"http:\/\/www.ipod.info.pl\/wp-content\/uploads\/2010\/04\/Zrzut-ekranu-2010-04-28-godz.-15.14.11.png\"><img loading=\"lazy\" decoding=\"async\" class=\"alignright size-medium wp-image-8706\" title=\"iPhone 4G zobaczymy ju\u017c 7 czerwca\" src=\"http:\/\/www.ipod.info.pl\/wp-content\/uploads\/2010\/04\/Zrzut-ekranu-2010-04-28-godz.-15.14.11-300x115.png\" alt=\"\" width=\"300\" height=\"115\" srcset=\"https:\/\/www.ipod.info.pl\/wp-content\/uploads\/2010\/04\/Zrzut-ekranu-2010-04-28-godz.-15.14.11-300x115.png 300w, https:\/\/www.ipod.info.pl\/wp-content\/uploads\/2010\/04\/Zrzut-ekranu-2010-04-28-godz.-15.14.11-120x46.png 120w, https:\/\/www.ipod.info.pl\/wp-content\/uploads\/2010\/04\/Zrzut-ekranu-2010-04-28-godz.-15.14.11.png 978w\" sizes=\"(max-width: 300px) 100vw, 300px\" \/><\/a>Apple poda\u0142o do publicznej wiadomo\u015bci termin konferencji <a href=\"http:\/\/developer.apple.com\/wwdc\/\" target=\"_blank\">WWDC10<\/a> (Apple Worldwide Developer Conference), kt\u00f3re organizuje co roku w Moscone Center w San Francisco. WWDC10 odb\u0119dzie si\u0119 w dniach 7-11 czerwca tego roku. Dla nas najbardziej istotny jest pierwszy dzie\u0144 tej konferencji, zostanie wtedy prawdopodobnie (<a href=\"http:\/\/www.ipod.info.pl\/index.php\/wwdc-2009-iphone-os-30\/\">tak by\u0142o rok temu<\/a>), przedstawiony nowy model iPhone&#8217;a i finalna wersja systemu iPhone OS 4.o dla iPhon\u00f3w, iPod\u00f3w touch oraz iPada. Istnieje te\u017c du\u017ca szansa, \u017ce tego dnia dowiemy si\u0119 kiedy oficjalnie zawita do Polski iPad<br \/>\nPierwotnie spekulowano, \u017ce konferencja b\u0119dzie troch\u0119 p\u00f3\u017aniej w dniach <a href=\"http:\/\/www.ipod.info.pl\/index.php\/znana-data-premiery-iphonea-4g\/\" target=\"_self\">28 czerwca &#8211; 2 lipca 2010<\/a>. Albo plotki okaza\u0142y si\u0119 by\u0107 jedynie nimi, albo z powodu wycieku <a href=\"http:\/\/www.ipod.info.pl\/index.php\/nowy-iphone-4g-tym-razem-na-filmie\/\">prototypowego egzemplarza iPhone 4G<\/a>, firma zdecydowa\u0142a si\u0119 przy\u015bpieszy\u0107 jego premier\u0119.<br \/>\nPS. Bilety na konferencje jeszcze s\u0105, a cena to jedne 1600 baks\u00f3w. n<\/p>\n<div>\n\t<div class='democracy'>\n\t\t<strong class=\"poll-question\">Nowy iPhone to?<\/strong>\n\t\t<div class='dem-results'>\n\t\t<form action='https:\/\/www.ipod.info.pl\/wp-content\/plugins\/democracy\/democracy.php' onsubmit='return dem_Vote(this)'>\n\t\t<ul>\n\t\t\t<li>\n\t\t\t\t\t<input type='radio' id='dem-choice-126' value='126' name='dem_poll_19' \/>\n\t\t\t\t\t<label for='dem-choice-126'>iPhone 4G<\/label>\n\t\t\t<\/li>\n\t\t\t<li>\n\t\t\t\t\t<input type='radio' id='dem-choice-127' value='127' name='dem_poll_19' \/>\n\t\t\t\t\t<label for='dem-choice-127'>iPhone HD<\/label>\n\t\t\t<\/li>\n\t\t<\/ul>\n\t\t\t<input type='hidden' name='dem_poll_id' value='19' \/>\n\t\t\t<input type='hidden' name='dem_action' value='vote' \/>\n\t\t\t<input type='submit' class='dem-vote-button' value='Vote' \/>\n\t\t\t<a href='\/index.php\/wp-json\/wp\/v2\/posts\/8705?dem_action=view&amp;dem_poll_id=19' onclick='return dem_getVotes(\"https:\/\/www.ipod.info.pl\/wp-content\/plugins\/democracy\/democracy.php?dem_action=view&amp;dem_poll_id=19\", this)' rel='nofollow' class='dem-vote-link'>View Results<\/a>\n\t\t<\/form>\n\t\t<\/div>\n\t<\/div><\/div>\n","protected":false},"excerpt":{"rendered":"<p>Apple poda\u0142o do publicznej wiadomo\u015bci termin konferencji WWDC10 (Apple Worldwide Developer Conference), kt\u00f3re organizuje co roku w Moscone Center w San Francisco. WWDC10 odb\u0119dzie si\u0119 w dniach 7-11 czerwca tego roku. Dla nas najbardziej istotny jest pierwszy dzie\u0144 tej konferencji, zostanie wtedy prawdopodobnie (tak by\u0142o rok temu), przedstawiony nowy model iPhone&#8217;a i finalna wersja systemu [&hellip;]<\/p>\n","protected":false},"author":2,"featured_media":0,"comment_status":"open","ping_status":"open","sticky":false,"template":"","format":"standard","meta":{"footnotes":""},"categories":[10,55,16,32,51,57],"tags":[],"aioseo_notices":[],"_links":{"self":[{"href":"https:\/\/www.ipod.info.pl\/index.php\/wp-json\/wp\/v2\/posts\/8705"}],"collection":[{"href":"https:\/\/www.ipod.info.pl\/index.php\/wp-json\/wp\/v2\/posts"}],"about":[{"href":"https:\/\/www.ipod.info.pl\/index.php\/wp-json\/wp\/v2\/types\/post"}],"author":[{"embeddable":true,"href":"https:\/\/www.ipod.info.pl\/index.php\/wp-json\/wp\/v2\/users\/2"}],"replies":[{"embeddable":true,"href":"https:\/\/www.ipod.info.pl\/index.php\/wp-json\/wp\/v2\/comments?post=8705"}],"version-history":[{"count":3,"href":"https:\/\/www.ipod.info.pl\/index.php\/wp-json\/wp\/v2\/posts\/8705\/revisions"}],"predecessor-version":[{"id":8708,"href":"https:\/\/www.ipod.info.pl\/index.php\/wp-json\/wp\/v2\/posts\/8705\/revisions\/8708"}],"wp:attachment":[{"href":"https:\/\/www.ipod.info.pl\/index.php\/wp-json\/wp\/v2\/media?parent=8705"}],"wp:term":[{"taxonomy":"category","embeddable":true,"href":"https:\/\/www.ipod.info.pl\/index.php\/wp-json\/wp\/v2\/categories?post=8705"},{"taxonomy":"post_tag","embeddable":true,"href":"https:\/\/www.ipod.info.pl\/index.php\/wp-json\/wp\/v2\/tags?post=8705"}],"curies":[{"name":"wp","href":"https:\/\/api.w.org\/{rel}","templated":true}]}}