{"id":9927,"date":"2010-07-21T11:28:39","date_gmt":"2010-07-21T09:28:39","guid":{"rendered":"http:\/\/www.ipod.info.pl\/?p=9927"},"modified":"2010-07-21T11:28:39","modified_gmt":"2010-07-21T09:28:39","slug":"uaktualnienie-ustawien-operatora-era","status":"publish","type":"post","link":"https:\/\/www.ipod.info.pl\/index.php\/uaktualnienie-ustawien-operatora-era\/","title":{"rendered":"Uaktualnienie ustawie\u0144 operatora &#8211; Era"},"content":{"rendered":"<p><a href=\"http:\/\/www.ipod.info.pl\/wp-content\/uploads\/2010\/07\/zdj\u0119cie3.png\"><img loading=\"lazy\" decoding=\"async\" class=\"alignright size-medium wp-image-9928\" title=\"Uaktualnienie ustawie\u0144 operatora - Era \" src=\"http:\/\/www.ipod.info.pl\/wp-content\/uploads\/2010\/07\/zdj\u0119cie3-200x300.png\" alt=\"\" width=\"200\" height=\"300\" srcset=\"https:\/\/www.ipod.info.pl\/wp-content\/uploads\/2010\/07\/zdj\u0119cie3-200x300.png 200w, https:\/\/www.ipod.info.pl\/wp-content\/uploads\/2010\/07\/zdj\u0119cie3-80x120.png 80w, https:\/\/www.ipod.info.pl\/wp-content\/uploads\/2010\/07\/zdj\u0119cie3.png 640w\" sizes=\"(max-width: 200px) 100vw, 200px\" \/><\/a>Dzisiaj rano iPhone 4 przywita\u0142 mnie informacj\u0105 o uaktualnieniu ustawie\u0144 operatora. Po trwaj\u0105cej chwil\u0119\u00a0procedurze\u00a0operator zmieni\u0142 si\u0119 z Era 7.0 na 7.1, a nast\u0119pnie wy\u015bwietli\u0142 ponownie komunikat mo\u017cliwo\u015bci naliczenia przez operatora op\u0142at za aktywacj\u0119 FaceTime.<br \/>\nNie bardzo mog\u0119 doj\u015b\u0107 co si\u0119 zmieni\u0142o wraz z mian\u0105 ustawie\u0144 operatora. Mo\u017ce Wy macie jakie\u015b pomys\u0142y?<\/p>\n<p>Pr\u00f3bowa\u0142em te\u017c sprawdzi\u0107 czy zmieni\u0142o si\u0119 to dla Orange i Plusa ale w tym przypadku zmian brak.<\/p>\n","protected":false},"excerpt":{"rendered":"<p>Dzisiaj rano iPhone 4 przywita\u0142 mnie informacj\u0105 o uaktualnieniu ustawie\u0144 operatora. Po trwaj\u0105cej chwil\u0119\u00a0procedurze\u00a0operator zmieni\u0142 si\u0119 z Era 7.0 na 7.1, a nast\u0119pnie wy\u015bwietli\u0142 ponownie komunikat mo\u017cliwo\u015bci naliczenia przez operatora op\u0142at za aktywacj\u0119 FaceTime. Nie bardzo mog\u0119 doj\u015b\u0107 co si\u0119 zmieni\u0142o wraz z mian\u0105 ustawie\u0144 operatora. Mo\u017ce Wy macie jakie\u015b pomys\u0142y? Pr\u00f3bowa\u0142em te\u017c sprawdzi\u0107 czy [&hellip;]<\/p>\n","protected":false},"author":2,"featured_media":0,"comment_status":"open","ping_status":"open","sticky":false,"template":"","format":"standard","meta":{"footnotes":""},"categories":[16,32,51,57],"tags":[],"aioseo_notices":[],"_links":{"self":[{"href":"https:\/\/www.ipod.info.pl\/index.php\/wp-json\/wp\/v2\/posts\/9927"}],"collection":[{"href":"https:\/\/www.ipod.info.pl\/index.php\/wp-json\/wp\/v2\/posts"}],"about":[{"href":"https:\/\/www.ipod.info.pl\/index.php\/wp-json\/wp\/v2\/types\/post"}],"author":[{"embeddable":true,"href":"https:\/\/www.ipod.info.pl\/index.php\/wp-json\/wp\/v2\/users\/2"}],"replies":[{"embeddable":true,"href":"https:\/\/www.ipod.info.pl\/index.php\/wp-json\/wp\/v2\/comments?post=9927"}],"version-history":[{"count":1,"href":"https:\/\/www.ipod.info.pl\/index.php\/wp-json\/wp\/v2\/posts\/9927\/revisions"}],"predecessor-version":[{"id":9929,"href":"https:\/\/www.ipod.info.pl\/index.php\/wp-json\/wp\/v2\/posts\/9927\/revisions\/9929"}],"wp:attachment":[{"href":"https:\/\/www.ipod.info.pl\/index.php\/wp-json\/wp\/v2\/media?parent=9927"}],"wp:term":[{"taxonomy":"category","embeddable":true,"href":"https:\/\/www.ipod.info.pl\/index.php\/wp-json\/wp\/v2\/categories?post=9927"},{"taxonomy":"post_tag","embeddable":true,"href":"https:\/\/www.ipod.info.pl\/index.php\/wp-json\/wp\/v2\/tags?post=9927"}],"curies":[{"name":"wp","href":"https:\/\/api.w.org\/{rel}","templated":true}]}}